{"id":1961,"date":"2013-11-14T00:00:00","date_gmt":"2013-11-13T23:00:00","guid":{"rendered":"https:\/\/bulegoa.org\/web\/18-argazki-eta-18-istorio-isidoro-valcarcel-medinaren-performance-in-resistance-lanaren-bigarren-geldialdia-bulegoa-zb-gunean-bilbo\/"},"modified":"2013-11-14T00:00:00","modified_gmt":"2013-11-13T23:00:00","slug":"18-argazki-eta-18-istorio-isidoro-valcarcel-medinaren-performance-in-resistance-lanaren-bigarren-geldialdia-bulegoa-zb-gunean-bilbo","status":"publish","type":"post","link":"https:\/\/bulegoa.org\/eu\/18-argazki-eta-18-istorio-isidoro-valcarcel-medinaren-performance-in-resistance-lanaren-bigarren-geldialdia-bulegoa-zb-gunean-bilbo\/","title":{"rendered":"&#8220;18 argazki eta 18 istorio&#8221;: Isidoro Valc\u00e1rcel Medinaren &#8220;Performance in Resistance&#8221; lanaren bigarren geldialdia Bulegoa z\/b gunean (Bilbo)"},"content":{"rendered":"<p><em>18 argazki eta 18 istorio<\/em> Bulegoa z\/b ekimenak Amsterdameko  If I Can\u2019t Dance I Don\u2019t Want To Be Part Of Your Revolution  plataformarekin lankidetzan egin duen proiektu bat da; eta Isidoro  Valc\u00e1rcel Medinaren <em>Performance in Resistance<\/em> lana aurkezten eta laguntzen du, 18 kontakizunen bidez eta 6 hiritan barrena egindako bidaia batean.<\/p>\n<p>2010eko udazkenean, If I Can\u2019t Dance plataformak Valc\u00e1rcel Medina eta Bulegoa z\/b gonbidatu zituen, <em>Performance in Residence<\/em>  programan parte har zezaten. Programa horrek iraganeko performanceak  aztertzen eta ikertzen ditu, oraingo praktikaren ikuspegitik abiatuta.  Honako hauek ere parte hartu zuten bertan: Fl\u00e1vio de Carvalho eta Inti  Guerrero, Guy de Cointet eta Marie de Brugerolle, Matt Mullican eta  Vanessa Desclaux. Gonbidapenari erantzuna emate aldera, Valc\u00e1rcel  Medinak <em>Performance in Resistance<\/em> prestatu zuen: 18 argazki,  passe-partout euskarrian jarrita, eta, bertan, 1965. eta 1993. urteen  artean artistak hainbat hiritan egin zituen zenbait ekintza. Irudien  multzoak bizi izandako unearen eta dokumentuaren arteko mugak  desitxuratzen eta nahasten ditu, gertatutakoaren eta fikzioaren arteko  mugak. Bestalde, <em>Performance in Resistance<\/em> lanak Valc\u00e1rcel  Medinaren jardutea arautzen duen oinarria ematen du aditzera, hau da,  instituzio edo diziplina guztiek \u2013eta, horien artean, diziplina  historikoak\u2013 dituzten konbentzioen mende jartzeari aurre egiteko  jarrera. Aurre egite performatibo hori azaltzen da, artistak sineste  sendoz uste duelako berak duen material bakarra bere une historikoa  dela, eta irudimenak \u201cezkutatzen duen aberastasunetik abiatuta mundua  mugiarazten dela\u201d.<\/p>\n<p><em>18 argazki eta 18 istorio<\/em> proiektuak aztergaia aldatu eta  berpiztu dezakeen irudimenezko jardute gisa hartzen du ikerketa, eta,  abiaburu hori izanda, kontakizunak ekoizten dituen gailu ibiltari baten  itxura hartzen du. Ildo horretan, 18 laguni gonbit egin zaie, <em>Performance in Resistance<\/em>  programa eratzen duten 18 argazkietako bat har dezaten eta kontakizun  bat osa dezaten. Valc\u00e1rcel Medinak berariaz egindako lan honen  lehenbiziko geldialdia Amsterdameko hetveem Theater izan zen, hor egon  baitzen 2012ko otsailean. Han, hiru kontalarik \u2013Moosje Goosenek, Emilio  Morenok eta Esteban Pujals Gesal\u00edk\u2013 3 istorio kontatu zituzten, multzo  osoko 3 argazkitan oinarrituta. Bigarren geldialdia, Bulegoa z\/b gunean  izango da, eta, bertan, Jos\u00e9 D\u00edaz Cuy\u00e1sek, Jaime Vallaurek eta Azucena  Vieitesek 3 istorio kontatuko dituzte, <em>Pe\u00f3n al Rey<\/em>, <em>El discurso sigue\u2026 su curso<\/em> eta <em>Retratos callejeros<\/em> lanetan oinarri hartuta, hurrenez hurren. Amsterdamen eta Bilbon izan ondoren, <em>Performance in Resistance<\/em>  proiektua Bretignyko CACn, Bartzelonako Fundaci\u00f3 T\u00e0pies-en, Sevillako  BNV Producciones-en eta Sao Pauloko Unibertsitateko Arte Garaikideko  Museoan egongo da ikusgai. 6 toki horietako bakoitzean, 3 istorio  kontatuko dira, guztira 18 kontakizun osatu arte.<\/p>\n<p><strong>Jos\u00e9 D\u00edaz Cuy\u00e1s.<\/strong> Estetikako irakaslea da La Lagunako Unibertsitatean. Komisario-lanean aritu da ekitaldi hauetan: <em>Los Encuentros de Pamplona 1972: fin de fiesta del arte experimental,<\/em> MNCARS, 2010; eta <em>Ir y venir de Valc\u00e1rcel Medina,<\/em>  Fundaci\u00f3 T\u00e0pies, 2002. 1980ko hamarkadatik hona, hitzaldiak eta hainbat  artikulu eman ditu argitara katalogo eta aldizkari espezializatuetan.  Honen zuzendaria da: Acto ediciones eta Acto: revista de pensamiento  art\u00edstico contempor\u00e1neo ( <a href=\"http:\/\/www.revista-acto.net\">http:\/\/www.revista-acto.net<\/a> ).<\/p>\n<p><strong>Jaime Vallaure.<\/strong> Diziplina askotako artista da  Vallaure (Asturias, 1965), bere lanak hainbat arlo hartzen baititu  barne: performancea, ekintzako artea, bideoartea eta sormenezko  esperimentazioko proiektuak. Agerpen eszenikoari buruzko ikastaroak  ematen ditu, gunearekiko eta ikusleekiko harremana bereziki landuz (Arte  Eszenikoen Masterra. Alcalako Unibertsitatea 2011\/12). 1999. urtetik,  Los Torreznos duoko kidea da, eta, horren bidez, zuzeneko piezak egin  ditu jaialdi eta museo askotan (Museo Serralves, Oporto; Krannert  Museum, Chicago; 2007ko Veneziako Bienala; Hot Artic Festival, Kirkenes,  Finlandia; Luis Xeoane Fundazioa, Coru\u00f1a; Festival MAPA Pontos; Eszena  Garaikideari buruzko Jaialdia, Madril&#8230;). Entreascuas argitaletxeko  zuzendarietako bat da, eta, bertan, Isidoro Valc\u00e1rcel Medinaren bi lan  eman ditu argitara: <em>2.000 d. de J.C.<\/em> (2001) eta <em>Intonso<\/em> (2011).<\/p>\n<p><strong>Azucena Vieites. <\/strong>Hernani, Gipuzkoa, 1967. Madrilen  bizi da, eta bertan lan egiten du. Artista da. Proiektu eta  talde-erakusketa askotan hartu du parte. Egin dituen banakako azken  erakusketen artean, honako hauek aipatuko ditugu: <em>Fundido encadenado-Break You Nice,<\/em> MUSAC, Leon, 2012; eta <em>Coloring Book,<\/em>  Mois\u00e9s P\u00e9rez de Alb\u00e9niz Galeria, Iru\u00f1ea, 2011. Erreakzioa-Reacci\u00f3n  gunearen sortzaileetako bat da. Artearen eta feminismoen artean dabilen  gune hori 1994. urtean sortu zen, eragina izan nahi baitzuen harrera eta  ekoizpeneko berariazko testuinguruetan. 2011. urteko irailetik aurrera,  irakasle elkartua da Cuencako Arte Ederren Fakultatean (UCLM).<\/p>\n<p><em>18 pictures and 18 stories \/ 18 fotograf\u00edas y 18 historias<\/em> honako instituzioek ekoiztu dute elkarlanean: BNV Producciones, Sevilla; Bulegoa z\/b, Bilbo; CAC Br\u00e9tigny, Paris Handia; If I Can\u2019t Dance, I Don\u2019t Want To Be Part Of Your Revolution, Amsterdam; Museu de Arte Contempor\u00e2nea da Universidade de S\u00e3o Paulo (MAC USP); STUK arte zentrua\/Museum M-ko Playground festibala, Lovaina; Fundaci\u00f3 Antoni T\u00e0pies, Bartzelona; Tate Modern, Londres; eta Het Veem Theater, Amsterdam.<\/p>\n<p><em>18 pictures and 18 stories \/ 18 fotograf\u00edas y 18 historia<\/em>s performanceak eta liburua <em>Corpus: a network for performance practice-n<\/em> laguntzari esker gauzatu dira. Corpus Europar Batasunak finantzatutako ekimena da.<\/p>\n<p><span class=\"inline inline-left\"><span class=\"inline inline-left\"><img loading=\"lazy\" width=\"300\" height=\"96\" class=\"image image-thumbnail \" title=\"\" alt=\"\" src=\"https:\/\/bulegoa.org\/sites\/default\/files\/images\/EU_flag_cult_EN_BW.thumbnail.jpeg\" \/><\/span><br \/>\n<\/span><\/p>\n","protected":false},"excerpt":{"rendered":"<p>18 argazki eta 18 istorio Bulegoa z\/b ekimenak Amsterdameko If I Can\u2019t Dance I Don\u2019t Want To Be Part Of Your Revolution plataformarekin lankidetzan egin duen proiektu bat da; eta Isidoro Valc\u00e1rcel Medinaren Performance in Resistance lana aurkezten eta laguntzen du, 18 kontakizunen bidez eta 6 hiritan barrena egindako bidaia batean. 2010eko udazkenean, If I [&hellip;]<\/p>\n","protected":false},"author":1,"featured_media":0,"comment_status":"closed","ping_status":"closed","sticky":false,"template":"","format":"standard","meta":[],"categories":[51],"tags":[],"acf":[],"yoast_head":"<!-- This site is optimized with the Yoast SEO plugin v20.4 - https:\/\/yoast.com\/wordpress\/plugins\/seo\/ -->\n<title>&quot;18 argazki eta 18 istorio&quot;: Isidoro Valc\u00e1rcel Medinaren &quot;Performance in Resistance&quot; lanaren bigarren geldialdia Bulegoa z\/b gunean (Bilbo) - Bulegoa z\/b<\/title>\n<meta name=\"description\" content=\"Ubicada en el barrio bilba\u00edno de Solokoetxe y centrada en la producci\u00f3n, la discusi\u00f3n, el intercambio de ideas y la materializaci\u00f3n de proyectos art\u00edsticos.\" \/>\n<meta name=\"robots\" content=\"index, follow, max-snippet:-1, max-image-preview:large, max-video-preview:-1\" \/>\n<link rel=\"canonical\" href=\"https:\/\/bulegoa.org\/eu\/18-argazki-eta-18-istorio-isidoro-valcarcel-medinaren-performance-in-resistance-lanaren-bigarren-geldialdia-bulegoa-zb-gunean-bilbo\/\" \/>\n<meta property=\"og:locale\" content=\"eu_ES\" \/>\n<meta property=\"og:type\" content=\"article\" \/>\n<meta property=\"og:title\" content=\"&quot;18 argazki eta 18 istorio&quot;: Isidoro Valc\u00e1rcel Medinaren &quot;Performance in Resistance&quot; lanaren bigarren geldialdia Bulegoa z\/b gunean (Bilbo) - Bulegoa z\/b\" \/>\n<meta property=\"og:description\" content=\"Ubicada en el barrio bilba\u00edno de Solokoetxe y centrada en la producci\u00f3n, la discusi\u00f3n, el intercambio de ideas y la materializaci\u00f3n de proyectos art\u00edsticos.\" \/>\n<meta property=\"og:url\" content=\"https:\/\/bulegoa.org\/eu\/18-argazki-eta-18-istorio-isidoro-valcarcel-medinaren-performance-in-resistance-lanaren-bigarren-geldialdia-bulegoa-zb-gunean-bilbo\/\" \/>\n<meta property=\"og:site_name\" content=\"Bulegoa z\/b\" \/>\n<meta property=\"article:publisher\" content=\"https:\/\/www.facebook.com\/bulegoazb\/\" \/>\n<meta property=\"article:published_time\" content=\"2013-11-13T23:00:00+00:00\" \/>\n<meta property=\"og:image\" content=\"https:\/\/bulegoa.org\/sites\/default\/files\/images\/EU_flag_cult_EN_BW.thumbnail.jpeg\" \/>\n<meta name=\"author\" content=\"Richard\" \/>\n<meta name=\"twitter:card\" content=\"summary_large_image\" \/>\n<meta name=\"twitter:creator\" content=\"@bulegoazb\" \/>\n<meta name=\"twitter:site\" content=\"@bulegoazb\" \/>\n<script type=\"application\/ld+json\" class=\"yoast-schema-graph\">{\"@context\":\"https:\/\/schema.org\",\"@graph\":[{\"@type\":\"WebPage\",\"@id\":\"https:\/\/bulegoa.org\/eu\/18-argazki-eta-18-istorio-isidoro-valcarcel-medinaren-performance-in-resistance-lanaren-bigarren-geldialdia-bulegoa-zb-gunean-bilbo\/\",\"url\":\"https:\/\/bulegoa.org\/eu\/18-argazki-eta-18-istorio-isidoro-valcarcel-medinaren-performance-in-resistance-lanaren-bigarren-geldialdia-bulegoa-zb-gunean-bilbo\/\",\"name\":\"\\\"18 argazki eta 18 istorio\\\": Isidoro Valc\u00e1rcel Medinaren \\\"Performance in Resistance\\\" lanaren bigarren geldialdia Bulegoa z\/b gunean (Bilbo) - Bulegoa z\/b\",\"isPartOf\":{\"@id\":\"https:\/\/bulegoa.org\/#website\"},\"datePublished\":\"2013-11-13T23:00:00+00:00\",\"dateModified\":\"2013-11-13T23:00:00+00:00\",\"author\":{\"@id\":\"https:\/\/bulegoa.org\/#\/schema\/person\/bc9313fa18f8b20d8e9631b0fb2dbba3\"},\"description\":\"Ubicada en el barrio bilba\u00edno de Solokoetxe y centrada en la producci\u00f3n, la discusi\u00f3n, el intercambio de ideas y la materializaci\u00f3n de proyectos art\u00edsticos.\",\"breadcrumb\":{\"@id\":\"https:\/\/bulegoa.org\/eu\/18-argazki-eta-18-istorio-isidoro-valcarcel-medinaren-performance-in-resistance-lanaren-bigarren-geldialdia-bulegoa-zb-gunean-bilbo\/#breadcrumb\"},\"inLanguage\":\"eu-ES\",\"potentialAction\":[{\"@type\":\"ReadAction\",\"target\":[\"https:\/\/bulegoa.org\/eu\/18-argazki-eta-18-istorio-isidoro-valcarcel-medinaren-performance-in-resistance-lanaren-bigarren-geldialdia-bulegoa-zb-gunean-bilbo\/\"]}]},{\"@type\":\"BreadcrumbList\",\"@id\":\"https:\/\/bulegoa.org\/eu\/18-argazki-eta-18-istorio-isidoro-valcarcel-medinaren-performance-in-resistance-lanaren-bigarren-geldialdia-bulegoa-zb-gunean-bilbo\/#breadcrumb\",\"itemListElement\":[{\"@type\":\"ListItem\",\"position\":1,\"name\":\"Home\",\"item\":\"https:\/\/bulegoa.org\/eu\/\"},{\"@type\":\"ListItem\",\"position\":2,\"name\":\"&#8220;18 argazki eta 18 istorio&#8221;: Isidoro Valc\u00e1rcel Medinaren &#8220;Performance in Resistance&#8221; lanaren bigarren geldialdia Bulegoa z\/b gunean (Bilbo)\"}]},{\"@type\":\"WebSite\",\"@id\":\"https:\/\/bulegoa.org\/#website\",\"url\":\"https:\/\/bulegoa.org\/\",\"name\":\"Bulegoa z\/b\",\"description\":\"\",\"potentialAction\":[{\"@type\":\"SearchAction\",\"target\":{\"@type\":\"EntryPoint\",\"urlTemplate\":\"https:\/\/bulegoa.org\/?s={search_term_string}\"},\"query-input\":\"required name=search_term_string\"}],\"inLanguage\":\"eu-ES\"},{\"@type\":\"Person\",\"@id\":\"https:\/\/bulegoa.org\/#\/schema\/person\/bc9313fa18f8b20d8e9631b0fb2dbba3\",\"name\":\"Richard\"}]}<\/script>\n<!-- \/ Yoast SEO plugin. -->","yoast_head_json":{"title":"\"18 argazki eta 18 istorio\": Isidoro Valc\u00e1rcel Medinaren \"Performance in Resistance\" lanaren bigarren geldialdia Bulegoa z\/b gunean (Bilbo) - Bulegoa z\/b","description":"Ubicada en el barrio bilba\u00edno de Solokoetxe y centrada en la producci\u00f3n, la discusi\u00f3n, el intercambio de ideas y la materializaci\u00f3n de proyectos art\u00edsticos.","robots":{"index":"index","follow":"follow","max-snippet":"max-snippet:-1","max-image-preview":"max-image-preview:large","max-video-preview":"max-video-preview:-1"},"canonical":"https:\/\/bulegoa.org\/eu\/18-argazki-eta-18-istorio-isidoro-valcarcel-medinaren-performance-in-resistance-lanaren-bigarren-geldialdia-bulegoa-zb-gunean-bilbo\/","og_locale":"eu_ES","og_type":"article","og_title":"\"18 argazki eta 18 istorio\": Isidoro Valc\u00e1rcel Medinaren \"Performance in Resistance\" lanaren bigarren geldialdia Bulegoa z\/b gunean (Bilbo) - Bulegoa z\/b","og_description":"Ubicada en el barrio bilba\u00edno de Solokoetxe y centrada en la producci\u00f3n, la discusi\u00f3n, el intercambio de ideas y la materializaci\u00f3n de proyectos art\u00edsticos.","og_url":"https:\/\/bulegoa.org\/eu\/18-argazki-eta-18-istorio-isidoro-valcarcel-medinaren-performance-in-resistance-lanaren-bigarren-geldialdia-bulegoa-zb-gunean-bilbo\/","og_site_name":"Bulegoa z\/b","article_publisher":"https:\/\/www.facebook.com\/bulegoazb\/","article_published_time":"2013-11-13T23:00:00+00:00","og_image":[{"url":"https:\/\/bulegoa.org\/sites\/default\/files\/images\/EU_flag_cult_EN_BW.thumbnail.jpeg"}],"author":"Richard","twitter_card":"summary_large_image","twitter_creator":"@bulegoazb","twitter_site":"@bulegoazb","schema":{"@context":"https:\/\/schema.org","@graph":[{"@type":"WebPage","@id":"https:\/\/bulegoa.org\/eu\/18-argazki-eta-18-istorio-isidoro-valcarcel-medinaren-performance-in-resistance-lanaren-bigarren-geldialdia-bulegoa-zb-gunean-bilbo\/","url":"https:\/\/bulegoa.org\/eu\/18-argazki-eta-18-istorio-isidoro-valcarcel-medinaren-performance-in-resistance-lanaren-bigarren-geldialdia-bulegoa-zb-gunean-bilbo\/","name":"\"18 argazki eta 18 istorio\": Isidoro Valc\u00e1rcel Medinaren \"Performance in Resistance\" lanaren bigarren geldialdia Bulegoa z\/b gunean (Bilbo) - Bulegoa z\/b","isPartOf":{"@id":"https:\/\/bulegoa.org\/#website"},"datePublished":"2013-11-13T23:00:00+00:00","dateModified":"2013-11-13T23:00:00+00:00","author":{"@id":"https:\/\/bulegoa.org\/#\/schema\/person\/bc9313fa18f8b20d8e9631b0fb2dbba3"},"description":"Ubicada en el barrio bilba\u00edno de Solokoetxe y centrada en la producci\u00f3n, la discusi\u00f3n, el intercambio de ideas y la materializaci\u00f3n de proyectos art\u00edsticos.","breadcrumb":{"@id":"https:\/\/bulegoa.org\/eu\/18-argazki-eta-18-istorio-isidoro-valcarcel-medinaren-performance-in-resistance-lanaren-bigarren-geldialdia-bulegoa-zb-gunean-bilbo\/#breadcrumb"},"inLanguage":"eu-ES","potentialAction":[{"@type":"ReadAction","target":["https:\/\/bulegoa.org\/eu\/18-argazki-eta-18-istorio-isidoro-valcarcel-medinaren-performance-in-resistance-lanaren-bigarren-geldialdia-bulegoa-zb-gunean-bilbo\/"]}]},{"@type":"BreadcrumbList","@id":"https:\/\/bulegoa.org\/eu\/18-argazki-eta-18-istorio-isidoro-valcarcel-medinaren-performance-in-resistance-lanaren-bigarren-geldialdia-bulegoa-zb-gunean-bilbo\/#breadcrumb","itemListElement":[{"@type":"ListItem","position":1,"name":"Home","item":"https:\/\/bulegoa.org\/eu\/"},{"@type":"ListItem","position":2,"name":"&#8220;18 argazki eta 18 istorio&#8221;: Isidoro Valc\u00e1rcel Medinaren &#8220;Performance in Resistance&#8221; lanaren bigarren geldialdia Bulegoa z\/b gunean (Bilbo)"}]},{"@type":"WebSite","@id":"https:\/\/bulegoa.org\/#website","url":"https:\/\/bulegoa.org\/","name":"Bulegoa z\/b","description":"","potentialAction":[{"@type":"SearchAction","target":{"@type":"EntryPoint","urlTemplate":"https:\/\/bulegoa.org\/?s={search_term_string}"},"query-input":"required name=search_term_string"}],"inLanguage":"eu-ES"},{"@type":"Person","@id":"https:\/\/bulegoa.org\/#\/schema\/person\/bc9313fa18f8b20d8e9631b0fb2dbba3","name":"Richard"}]}},"_links":{"self":[{"href":"https:\/\/bulegoa.org\/eu\/wp-json\/wp\/v2\/posts\/1961"}],"collection":[{"href":"https:\/\/bulegoa.org\/eu\/wp-json\/wp\/v2\/posts"}],"about":[{"href":"https:\/\/bulegoa.org\/eu\/wp-json\/wp\/v2\/types\/post"}],"author":[{"embeddable":true,"href":"https:\/\/bulegoa.org\/eu\/wp-json\/wp\/v2\/users\/1"}],"replies":[{"embeddable":true,"href":"https:\/\/bulegoa.org\/eu\/wp-json\/wp\/v2\/comments?post=1961"}],"version-history":[{"count":0,"href":"https:\/\/bulegoa.org\/eu\/wp-json\/wp\/v2\/posts\/1961\/revisions"}],"wp:attachment":[{"href":"https:\/\/bulegoa.org\/eu\/wp-json\/wp\/v2\/media?parent=1961"}],"wp:term":[{"taxonomy":"category","embeddable":true,"href":"https:\/\/bulegoa.org\/eu\/wp-json\/wp\/v2\/categories?post=1961"},{"taxonomy":"post_tag","embeddable":true,"href":"https:\/\/bulegoa.org\/eu\/wp-json\/wp\/v2\/tags?post=1961"}],"curies":[{"name":"wp","href":"https:\/\/api.w.org\/{rel}","templated":true}]}}