{"id":1958,"date":"2013-11-14T00:00:00","date_gmt":"2013-11-13T23:00:00","guid":{"rendered":"https:\/\/bulegoa.org\/web\/18-argazki-eta-18-istorio-isidoro-valcarcel-medinaren-performance-in-resistance-programaren-bosgarren-geldialdia-bnv-producciones-en-sevillan\/"},"modified":"2017-09-11T13:19:19","modified_gmt":"2017-09-11T11:19:19","slug":"18-argazki-eta-18-istorio-isidoro-valcarcel-medinaren-performance-in-resistance-programaren-bosgarren-geldialdia-bnv-producciones-en-sevillan","status":"publish","type":"post","link":"https:\/\/bulegoa.org\/eu\/18-argazki-eta-18-istorio-isidoro-valcarcel-medinaren-performance-in-resistance-programaren-bosgarren-geldialdia-bnv-producciones-en-sevillan\/","title":{"rendered":"18 argazki eta 18 istorio: Isidoro Valc\u00e1rcel Medinaren Performance in Resistance* programaren bosgarren geldialdia BNV Producciones-en, Sevillan"},"content":{"rendered":"<p><em>18 argazki eta 18 istorio<\/em> Bulegoa z\/b ekimenak Amsterdameko  If I Can\u2019t Dance I Don\u2019t Want To Be Part Of Your Revolution  plataformarekin lankidetzan egin duen proiektu bat da; eta Isidoro  Valc\u00e1rcel Medinaren <em>Performance in Resistance<\/em> programa aurkezten eta laguntzen du, 18 kontakizunen bidez eta 7 hiritan barrena egindako bidaia batean.<\/p>\n<p>2010eko udazkenean, If I Can\u2019t Dance plataformak Valc\u00e1rcel Medina eta Bulegoa z\/b gonbidatu zituen, <em>Performance in Residence<\/em>  programan parte har zezaten. Programa horrek iraganeko performanceak  aztertzen eta ikertzen ditu, oraingo praktikaren ikuspegitik abiatuta.  Honako hauek ere parte hartu zuten bertan: Fl\u00e1vio de Carvalho eta Inti  Guerrero, Guy de Cointet eta Marie de Brugerolle, Matt Mullican eta  Vanessa Desclaux. Gonbidapenari erantzuna emate aldera, Valc\u00e1rcel  Medinak <em>Performance in Resistance<\/em> prestatu zuen: 18 argazki,  passe-partout euskarrian jarrita, eta, bertan, 1965. eta 1993. urteen  artean artistak hainbat hiritan egin zituen zenbait ekintza. Irudien  multzoak bizi izandako unearen eta dokumentuaren arteko mugak  desitxuratzen eta nahasten ditu, gertatutakoaren eta fikzioaren arteko  mugak. Bestalde, <em>Performance in Resistance<\/em> programak Valc\u00e1rcel  Medinaren jardutea arautzen duen oinarria ematen du aditzera, hau da,  instituzio edo diziplina guztiek \u2013eta, horien artean, diziplina  historikoak\u2013 dituzten konbentzioen mende jartzeari aurre egiteko  jarrera. Aurre egite performatibo hori azaltzen da, artistak sineste  sendoz uste duelako berak duen material bakarra bere une historikoa  dela, eta irudimenak \u201cezkutatzen duen aberastasunetik abiatuta mundua  mugiarazten dela\u201d.<\/p>\n<p><em>18 argazki eta 18 istorio<\/em> proiektuak aztergaia aldatu eta  berpiztu dezakeen irudimenezko jardute gisa hartzen du ikerketa, eta,  abiaburu hori izanda, kontakizun ibiltariak ekoizten dituen gailu baten  itxura hartzen du. Ildo horretan, hainbat laguni gonbit egin zaie, <em>Performance in Resistance<\/em> programa eratzen duten 18 argazkietako bat har dezaten eta kontakizun bat osa dezaten.<\/p>\n<p>Valc\u00e1rcel Medinak berariaz egindako lan honen lehenbiziko geldialdia  Amsterdameko hetveem Theater izan zen, hor egon baitzen 2012ko  otsailean. Han, hiru kontalarik \u2013Moosje Goosenek, Emilio Morenok eta  Esteban Pujals Gesal\u00edk\u2013 hiru istorio kontatu zituzten, multzo osoko hiru  argazkitan oinarrituta: <em>Campa\u00f1a 1969<\/em> (Madril eta Murtzia, 1969), <em>S\/T (Herramientas de precisi\u00f3n)<\/em> (Milan, 1987) eta <em>136 manzanas de Asunci\u00f3n<\/em> (Asunci\u00f3n, 1976).<\/p>\n<p>Bigarren geldialdia, Bulegoa z\/b gunean izan zen, apirilaren 20an,  eta, bertan, Jos\u00e9 D\u00edaz Cuy\u00e1sek, Jaime Vallaurek eta Azucena Vieitesek  hiru istorio kontatu zituzten, <em>Retratos callejeros<\/em> (Bartzelona, 1975), <em>Pe\u00f3n de Rey<\/em> (Murtzia, 1965) eta <em>El discurso sigue\u2026 su curso<\/em> (Granada, 1993) lanetan oinarri hartuta, hurrenez hurren.<\/p>\n<p>Hirugarren geldialdian, <em>Performance in Resistance<\/em> proiektua  Bartzelonako Fundaci\u00f3 T\u00e0piesen izan zen, 2012ko ekainaren 6an, Nuria  Enguitak, Aimar P\u00e9rezek eta Manuel Mart\u00ednezek istorio hauek kontatu  zituzten, hurrenez hurren: <em>El cuadro<\/em> (Madril, 1969), <em>La Visita<\/em> (Hainbat hiri, 1974) eta <em>El Sena por Par\u00eds<\/em> (Paris, 1975).<\/p>\n<p>Laugarren geldialdia, CAC Br\u00e9tigny zentroan izan zen, urriaren 27an.  Bertan, Esther Ferrer-ek, Jon Mikel Eubak eta Pierre Bal-Blanc-ek  kontakizun hauek azaldu zituzten, hurrenez hurren: <em>El Sena por Par\u00eds<\/em> (Paris, 1975), <em>El hombre de la capa<\/em> (New York, 1967) eta <em>Marat\u00f3n<\/em> (Madril, 1981).<\/p>\n<p>Bostgarren geldialdia Sevillako BNV Producciones-en izango da, eta,  bertan, Pedro G. Romerok, Isa\u00edas Gri\u00f1olok eta Miren Jaiok honetaz hitz  egingo dute nork bere aldetik: <em>Encuesta en la cola del besamanos del Cristo de Medinaceli <\/em>(Madril, 1978), <em>El pintor en la calle<\/em> (Madril, 1978) eta <em>12 ejercicios de medici\u00f3n sobre la ciudad de C\u00f3rdoba (J)<\/em> (Kordoba, 1974).<\/p>\n<p>Gero, <em>Performance in Resistance<\/em> proiektuak bidean aurrera  jarraituko du, eta toki hauetan egingo ditu geldialdiak: azaroaren 11n  Lovainako STUKeko Festival Playground-en, eta azaroaren 29an Sao Pauloko  Unibertsitateko Arte Garaikideko Museoan. Geldialdi bakoitzean, Isidoro  Valc\u00e1rcel telefonoan egongo da, harremanetan jartzeko moduan,  kontatzaileek edo entzuleek galderaren bat egin nahi izanez gero  erantzuteko.<\/p>\n<p><strong>* Argazkiak: Roc\u00edo Are\u00e1n Guti\u00e9rrez,<\/strong> Central Saint Martins College of Art and Design-eko ikaslea Londresen.<\/p>\n<p><strong>Pedro G. Romero<\/strong> (Aracena, 1964) artista gisa  jarduten du 1985. urtetik. Sevillako PRPC plataforman sartuta dago  (Kultura Politikei buruzko Hausnarketa Plataforma), eta UNIA  arteypensamiento proiektuko edukien taldeko kidea da. 2007. urtetik, <em>de rasgos \u00e1rabes\u2026<\/em>  proiektua zuzentzen du (Buenos Aires, Sao Paulo, Santiago, San Salvador  eta Mexiko hiria). Laurogeita hamarreko hamarkadaren bukaeratik hona, <em>Archivo F.X.<\/em>\u00a0eta <em>M\u00e1quina P.H.<\/em>\u00a0proiektuetan ari da lanean.<\/p>\n<p>( <a target=\"_blank\" href=\"http:\/\/www.fxysudoble.org\/\">http:\/\/www.fxysudoble.org\/<\/a> )<\/p>\n<p><strong>Isa\u00edas Gri\u00f1olo<\/strong> (Bonares, 1963). Ikusmen-arloko  artista hau Sevilla, Huelva eta Badajoz artean bizi da, eta hiri  horietan lan egiten du. PRPC plataformako kidea da (Politika Kulturalei  buruz Hausnartzeko Plataforma), eta proiektu paraleloetan aritzen da,  oroimena, ekologia, ekonomia, poesia eta artea landuz. Hona hemen  proiektu horietako batzuk: <em>Asuntos Internos. La Cultura como cortina de humo; Desmemoria. 14 documentos sobre un lugar de olvido<\/em> (Bartzelona \/ Santiago, Txile, 2006\/2008) eta <em>Escombros: im\u00e1genes, relatos y discursos de las pr\u00e1cticas ecologistas,<\/em>  finantza-fluxuen eta lurraldeen arteko harremanei buruzko proiektu  irekia (2002\/2012). 2006. urtetik hona, honetan jarduten du lankidetzan  arituta: <em>Sobre capital y territorio II<\/em> (UNIA, arteypensamiento, Sevilla), irakurketa poetikoak (<em>Paisajes de escombros<\/em>), tailerra (<em>\u00bfLa construcci\u00f3n de un sue\u00f1o?<\/em>) eta laborategia (<em>Sobre Leviat\u00e1n, detener el tren de la historia<\/em>).<\/p>\n<p><strong>Miren Jaio<\/strong> (Bermeo, 1968) arte-kritikaria da. 2010.  urtetik hona, Bulegoa z\/b arte eta jakintzarako bulegoko kidea da,  Beatriz Cavia, Isabel de Naver\u00e1n eta Leire Vergararekin batera. Artearen  Historiako irakaslea da Euskal Herriko Unibertsitateko Arte Ederren  Fakultatean, eta, une hauetan, doktoregoko tesia prestatzen ari da.<br \/>\n\u00a0<\/p>\n<p><em>18 pictures and 18 stories \/ 18 fotograf\u00edas y 18 historias<\/em> honako instituzioek ekoiztu dute elkarlanean: BNV Producciones, Sevilla; Bulegoa z\/b, Bilbo; CAC Br\u00e9tigny, Paris Handia; If I Can\u2019t Dance, I Don\u2019t Want To Be Part Of Your Revolution, Amsterdam; Museu de Arte Contempor\u00e2nea da Universidade de S\u00e3o Paulo (MAC USP); STUK arte zentrua\/Museum M-ko Playground festibala, Lovaina; Fundaci\u00f3 Antoni T\u00e0pies, Bartzelona; Tate Modern, Londres; eta Het Veem Theater, Amsterdam.<\/p>\n<p><em><br \/>\n18 pictures and 18 stories \/ 18 fotograf\u00edas y 18 historias<\/em> performanceak eta liburua <em>Corpus: a network for performance practice-n <\/em>laguntzari esker gauzatu dira. <em>Corpus<\/em> Europar Batasunak finantzatutako ekimena da.<\/p>\n<p><span class=\"inline inline-left\"><img loading=\"lazy\" width=\"300\" height=\"96\" class=\"image image-thumbnail \" title=\"\" alt=\"\" src=\"https:\/\/bulegoa.org\/sites\/default\/files\/images\/EU_flag_cult_EN_BW.thumbnail.jpeg\" \/><\/span><br \/>\n\u00a0<\/p>\n","protected":false},"excerpt":{"rendered":"<p>18 argazki eta 18 istorio Bulegoa z\/b ekimenak Amsterdameko If I Can\u2019t Dance I Don\u2019t Want To Be Part Of Your Revolution plataformarekin lankidetzan egin duen proiektu bat da; eta Isidoro Valc\u00e1rcel Medinaren Performance in Resistance programa aurkezten eta laguntzen du, 18 kontakizunen bidez eta 7 hiritan barrena egindako bidaia batean. 2010eko udazkenean, If I [&hellip;]<\/p>\n","protected":false},"author":1,"featured_media":2636,"comment_status":"closed","ping_status":"closed","sticky":false,"template":"","format":"standard","meta":[],"categories":[51],"tags":[],"acf":[],"yoast_head":"<!-- This site is optimized with the Yoast SEO plugin v20.4 - https:\/\/yoast.com\/wordpress\/plugins\/seo\/ -->\n<title>18 argazki eta 18 istorio: Isidoro Valc\u00e1rcel Medinaren Performance in Resistance* programaren bosgarren geldialdia BNV Producciones-en, Sevillan - Bulegoa z\/b<\/title>\n<meta name=\"description\" content=\"Ubicada en el barrio bilba\u00edno de Solokoetxe y centrada en la producci\u00f3n, la discusi\u00f3n, el intercambio de ideas y la materializaci\u00f3n de proyectos art\u00edsticos.\" \/>\n<meta name=\"robots\" content=\"index, follow, max-snippet:-1, max-image-preview:large, max-video-preview:-1\" \/>\n<link rel=\"canonical\" href=\"https:\/\/bulegoa.org\/eu\/18-argazki-eta-18-istorio-isidoro-valcarcel-medinaren-performance-in-resistance-programaren-bosgarren-geldialdia-bnv-producciones-en-sevillan\/\" \/>\n<meta property=\"og:locale\" content=\"eu_ES\" \/>\n<meta property=\"og:type\" content=\"article\" \/>\n<meta property=\"og:title\" content=\"18 argazki eta 18 istorio: Isidoro Valc\u00e1rcel Medinaren Performance in Resistance* programaren bosgarren geldialdia BNV Producciones-en, Sevillan - Bulegoa z\/b\" \/>\n<meta property=\"og:description\" content=\"Ubicada en el barrio bilba\u00edno de Solokoetxe y centrada en la producci\u00f3n, la discusi\u00f3n, el intercambio de ideas y la materializaci\u00f3n de proyectos art\u00edsticos.\" \/>\n<meta property=\"og:url\" content=\"https:\/\/bulegoa.org\/eu\/18-argazki-eta-18-istorio-isidoro-valcarcel-medinaren-performance-in-resistance-programaren-bosgarren-geldialdia-bnv-producciones-en-sevillan\/\" \/>\n<meta property=\"og:site_name\" content=\"Bulegoa z\/b\" \/>\n<meta property=\"article:publisher\" content=\"https:\/\/www.facebook.com\/bulegoazb\/\" \/>\n<meta property=\"article:published_time\" content=\"2013-11-13T23:00:00+00:00\" \/>\n<meta property=\"article:modified_time\" content=\"2017-09-11T11:19:19+00:00\" \/>\n<meta property=\"og:image\" content=\"https:\/\/bulegoa.org\/web\/wp-content\/uploads\/2017\/07\/18_18_sevilla_01.jpg\" \/>\n\t<meta property=\"og:image:width\" content=\"800\" \/>\n\t<meta property=\"og:image:height\" content=\"533\" \/>\n\t<meta property=\"og:image:type\" content=\"image\/jpeg\" \/>\n<meta name=\"author\" content=\"Richard\" \/>\n<meta name=\"twitter:card\" content=\"summary_large_image\" \/>\n<meta name=\"twitter:creator\" content=\"@bulegoazb\" \/>\n<meta name=\"twitter:site\" content=\"@bulegoazb\" \/>\n<script type=\"application\/ld+json\" class=\"yoast-schema-graph\">{\"@context\":\"https:\/\/schema.org\",\"@graph\":[{\"@type\":\"WebPage\",\"@id\":\"https:\/\/bulegoa.org\/eu\/18-argazki-eta-18-istorio-isidoro-valcarcel-medinaren-performance-in-resistance-programaren-bosgarren-geldialdia-bnv-producciones-en-sevillan\/\",\"url\":\"https:\/\/bulegoa.org\/eu\/18-argazki-eta-18-istorio-isidoro-valcarcel-medinaren-performance-in-resistance-programaren-bosgarren-geldialdia-bnv-producciones-en-sevillan\/\",\"name\":\"18 argazki eta 18 istorio: Isidoro Valc\u00e1rcel Medinaren Performance in Resistance* programaren bosgarren geldialdia BNV Producciones-en, Sevillan - Bulegoa z\/b\",\"isPartOf\":{\"@id\":\"https:\/\/bulegoa.org\/#website\"},\"datePublished\":\"2013-11-13T23:00:00+00:00\",\"dateModified\":\"2017-09-11T11:19:19+00:00\",\"author\":{\"@id\":\"https:\/\/bulegoa.org\/#\/schema\/person\/bc9313fa18f8b20d8e9631b0fb2dbba3\"},\"description\":\"Ubicada en el barrio bilba\u00edno de Solokoetxe y centrada en la producci\u00f3n, la discusi\u00f3n, el intercambio de ideas y la materializaci\u00f3n de proyectos art\u00edsticos.\",\"breadcrumb\":{\"@id\":\"https:\/\/bulegoa.org\/eu\/18-argazki-eta-18-istorio-isidoro-valcarcel-medinaren-performance-in-resistance-programaren-bosgarren-geldialdia-bnv-producciones-en-sevillan\/#breadcrumb\"},\"inLanguage\":\"eu-ES\",\"potentialAction\":[{\"@type\":\"ReadAction\",\"target\":[\"https:\/\/bulegoa.org\/eu\/18-argazki-eta-18-istorio-isidoro-valcarcel-medinaren-performance-in-resistance-programaren-bosgarren-geldialdia-bnv-producciones-en-sevillan\/\"]}]},{\"@type\":\"BreadcrumbList\",\"@id\":\"https:\/\/bulegoa.org\/eu\/18-argazki-eta-18-istorio-isidoro-valcarcel-medinaren-performance-in-resistance-programaren-bosgarren-geldialdia-bnv-producciones-en-sevillan\/#breadcrumb\",\"itemListElement\":[{\"@type\":\"ListItem\",\"position\":1,\"name\":\"Home\",\"item\":\"https:\/\/bulegoa.org\/eu\/\"},{\"@type\":\"ListItem\",\"position\":2,\"name\":\"18 argazki eta 18 istorio: Isidoro Valc\u00e1rcel Medinaren Performance in Resistance* programaren bosgarren geldialdia BNV Producciones-en, Sevillan\"}]},{\"@type\":\"WebSite\",\"@id\":\"https:\/\/bulegoa.org\/#website\",\"url\":\"https:\/\/bulegoa.org\/\",\"name\":\"Bulegoa z\/b\",\"description\":\"\",\"potentialAction\":[{\"@type\":\"SearchAction\",\"target\":{\"@type\":\"EntryPoint\",\"urlTemplate\":\"https:\/\/bulegoa.org\/?s={search_term_string}\"},\"query-input\":\"required name=search_term_string\"}],\"inLanguage\":\"eu-ES\"},{\"@type\":\"Person\",\"@id\":\"https:\/\/bulegoa.org\/#\/schema\/person\/bc9313fa18f8b20d8e9631b0fb2dbba3\",\"name\":\"Richard\"}]}<\/script>\n<!-- \/ Yoast SEO plugin. -->","yoast_head_json":{"title":"18 argazki eta 18 istorio: Isidoro Valc\u00e1rcel Medinaren Performance in Resistance* programaren bosgarren geldialdia BNV Producciones-en, Sevillan - Bulegoa z\/b","description":"Ubicada en el barrio bilba\u00edno de Solokoetxe y centrada en la producci\u00f3n, la discusi\u00f3n, el intercambio de ideas y la materializaci\u00f3n de proyectos art\u00edsticos.","robots":{"index":"index","follow":"follow","max-snippet":"max-snippet:-1","max-image-preview":"max-image-preview:large","max-video-preview":"max-video-preview:-1"},"canonical":"https:\/\/bulegoa.org\/eu\/18-argazki-eta-18-istorio-isidoro-valcarcel-medinaren-performance-in-resistance-programaren-bosgarren-geldialdia-bnv-producciones-en-sevillan\/","og_locale":"eu_ES","og_type":"article","og_title":"18 argazki eta 18 istorio: Isidoro Valc\u00e1rcel Medinaren Performance in Resistance* programaren bosgarren geldialdia BNV Producciones-en, Sevillan - Bulegoa z\/b","og_description":"Ubicada en el barrio bilba\u00edno de Solokoetxe y centrada en la producci\u00f3n, la discusi\u00f3n, el intercambio de ideas y la materializaci\u00f3n de proyectos art\u00edsticos.","og_url":"https:\/\/bulegoa.org\/eu\/18-argazki-eta-18-istorio-isidoro-valcarcel-medinaren-performance-in-resistance-programaren-bosgarren-geldialdia-bnv-producciones-en-sevillan\/","og_site_name":"Bulegoa z\/b","article_publisher":"https:\/\/www.facebook.com\/bulegoazb\/","article_published_time":"2013-11-13T23:00:00+00:00","article_modified_time":"2017-09-11T11:19:19+00:00","og_image":[{"width":800,"height":533,"url":"https:\/\/bulegoa.org\/web\/wp-content\/uploads\/2017\/07\/18_18_sevilla_01.jpg","type":"image\/jpeg"}],"author":"Richard","twitter_card":"summary_large_image","twitter_creator":"@bulegoazb","twitter_site":"@bulegoazb","schema":{"@context":"https:\/\/schema.org","@graph":[{"@type":"WebPage","@id":"https:\/\/bulegoa.org\/eu\/18-argazki-eta-18-istorio-isidoro-valcarcel-medinaren-performance-in-resistance-programaren-bosgarren-geldialdia-bnv-producciones-en-sevillan\/","url":"https:\/\/bulegoa.org\/eu\/18-argazki-eta-18-istorio-isidoro-valcarcel-medinaren-performance-in-resistance-programaren-bosgarren-geldialdia-bnv-producciones-en-sevillan\/","name":"18 argazki eta 18 istorio: Isidoro Valc\u00e1rcel Medinaren Performance in Resistance* programaren bosgarren geldialdia BNV Producciones-en, Sevillan - Bulegoa z\/b","isPartOf":{"@id":"https:\/\/bulegoa.org\/#website"},"datePublished":"2013-11-13T23:00:00+00:00","dateModified":"2017-09-11T11:19:19+00:00","author":{"@id":"https:\/\/bulegoa.org\/#\/schema\/person\/bc9313fa18f8b20d8e9631b0fb2dbba3"},"description":"Ubicada en el barrio bilba\u00edno de Solokoetxe y centrada en la producci\u00f3n, la discusi\u00f3n, el intercambio de ideas y la materializaci\u00f3n de proyectos art\u00edsticos.","breadcrumb":{"@id":"https:\/\/bulegoa.org\/eu\/18-argazki-eta-18-istorio-isidoro-valcarcel-medinaren-performance-in-resistance-programaren-bosgarren-geldialdia-bnv-producciones-en-sevillan\/#breadcrumb"},"inLanguage":"eu-ES","potentialAction":[{"@type":"ReadAction","target":["https:\/\/bulegoa.org\/eu\/18-argazki-eta-18-istorio-isidoro-valcarcel-medinaren-performance-in-resistance-programaren-bosgarren-geldialdia-bnv-producciones-en-sevillan\/"]}]},{"@type":"BreadcrumbList","@id":"https:\/\/bulegoa.org\/eu\/18-argazki-eta-18-istorio-isidoro-valcarcel-medinaren-performance-in-resistance-programaren-bosgarren-geldialdia-bnv-producciones-en-sevillan\/#breadcrumb","itemListElement":[{"@type":"ListItem","position":1,"name":"Home","item":"https:\/\/bulegoa.org\/eu\/"},{"@type":"ListItem","position":2,"name":"18 argazki eta 18 istorio: Isidoro Valc\u00e1rcel Medinaren Performance in Resistance* programaren bosgarren geldialdia BNV Producciones-en, Sevillan"}]},{"@type":"WebSite","@id":"https:\/\/bulegoa.org\/#website","url":"https:\/\/bulegoa.org\/","name":"Bulegoa z\/b","description":"","potentialAction":[{"@type":"SearchAction","target":{"@type":"EntryPoint","urlTemplate":"https:\/\/bulegoa.org\/?s={search_term_string}"},"query-input":"required name=search_term_string"}],"inLanguage":"eu-ES"},{"@type":"Person","@id":"https:\/\/bulegoa.org\/#\/schema\/person\/bc9313fa18f8b20d8e9631b0fb2dbba3","name":"Richard"}]}},"_links":{"self":[{"href":"https:\/\/bulegoa.org\/eu\/wp-json\/wp\/v2\/posts\/1958"}],"collection":[{"href":"https:\/\/bulegoa.org\/eu\/wp-json\/wp\/v2\/posts"}],"about":[{"href":"https:\/\/bulegoa.org\/eu\/wp-json\/wp\/v2\/types\/post"}],"author":[{"embeddable":true,"href":"https:\/\/bulegoa.org\/eu\/wp-json\/wp\/v2\/users\/1"}],"replies":[{"embeddable":true,"href":"https:\/\/bulegoa.org\/eu\/wp-json\/wp\/v2\/comments?post=1958"}],"version-history":[{"count":1,"href":"https:\/\/bulegoa.org\/eu\/wp-json\/wp\/v2\/posts\/1958\/revisions"}],"predecessor-version":[{"id":4309,"href":"https:\/\/bulegoa.org\/eu\/wp-json\/wp\/v2\/posts\/1958\/revisions\/4309"}],"wp:featuredmedia":[{"embeddable":true,"href":"https:\/\/bulegoa.org\/eu\/wp-json\/wp\/v2\/media\/2636"}],"wp:attachment":[{"href":"https:\/\/bulegoa.org\/eu\/wp-json\/wp\/v2\/media?parent=1958"}],"wp:term":[{"taxonomy":"category","embeddable":true,"href":"https:\/\/bulegoa.org\/eu\/wp-json\/wp\/v2\/categories?post=1958"},{"taxonomy":"post_tag","embeddable":true,"href":"https:\/\/bulegoa.org\/eu\/wp-json\/wp\/v2\/tags?post=1958"}],"curies":[{"name":"wp","href":"https:\/\/api.w.org\/{rel}","templated":true}]}}