{"id":1957,"date":"2013-11-14T00:00:00","date_gmt":"2013-11-13T23:00:00","guid":{"rendered":"https:\/\/bulegoa.org\/web\/18-argazki-eta-18-istorio-isidoro-valcarcel-medinaren-performance-in-resistance-lanaren-seigarren-geldialdia\/"},"modified":"2017-09-11T13:19:19","modified_gmt":"2017-09-11T11:19:19","slug":"18-argazki-eta-18-istorio-isidoro-valcarcel-medinaren-performance-in-resistance-lanaren-seigarren-geldialdia","status":"publish","type":"post","link":"https:\/\/bulegoa.org\/eu\/18-argazki-eta-18-istorio-isidoro-valcarcel-medinaren-performance-in-resistance-lanaren-seigarren-geldialdia\/","title":{"rendered":"\u201c18 argazki eta 18 istorio\u201d: Isidoro Valc\u00e1rcel Medinaren \u201cPerformance in Resistance\u201d* lanaren seigarren geldialdia"},"content":{"rendered":"<p><em>18 argazki eta 18 istorio<\/em>\u00a0Bulegoa z\/b ekimenak Amsterdameko  If I Can\u2019t Dance I Don\u2019t Want To Be Part Of Your Revolution  plataformarekin lankidetzan egin duen proiektu bat da; eta Isidoro  Valc\u00e1rcel Medinaren\u00a0<em>Performance in Resistance<\/em>\u00a0artelana aurkezten eta laguntzen du, 18 kontakizunen bidez eta 7 hiritan barrena egindako bidaia batean.<br \/>\n2010eko udazkenean, If I Can\u2019t Dance plataformak Valc\u00e1rcel Medina eta Bulegoa z\/b gonbidatu zituen,\u00a0<em>Performance in Residence<\/em>  programan parte har zezaten. Programa horrek iraganeko performanceak  aztertzen eta ikertzen ditu, oraingo praktikaren ikuspegitik abiatuta.  Honako hauek ere parte hartu zuten bertan: Fl\u00e1vio de Carvalho eta Inti  Guerrero, Guy de Cointet eta Marie de Brugerolle, Matt Mullican eta  Vanessa Desclaux. Gonbidapenari erantzuna emate aldera, Valc\u00e1rcel  Medinak\u00a0<em>Performance in Resistance<\/em>\u00a0prestatu zuen: 18 argazki,  passe-partout euskarrian jarrita, eta, bertan, 1965. eta 1993. urteen  artean artistak hainbat hiritan egin zituen zenbait ekintza. Irudien  multzoak bizi izandako unearen eta dokumentuaren arteko mugak  desitxuratzen eta nahasten ditu, gertatutakoaren eta fikzioaren arteko  mugak.<\/p>\n<p>Bestalde,\u00a0<em>Performance in Resistance<\/em>\u00a0artelanak Valc\u00e1rcel  Medinaren jardutea arautzen duen oinarria ematen du aditzera, hau da,  instituzio edo diziplina guztiek \u2013eta, horien artean, diziplina  historikoak\u2013 dituzten konbentzioen mende jartzeari aurre egiteko  jarrera. Aurre egite performatibo hori azaltzen da, artistak sineste  sendoz uste duelako berak duen material bakarra bere une historikoa  dela, eta irudimenak \u201cezkutatzen duen aberastasunetik abiatuta mundua  mugiarazten dela\u201d.<\/p>\n<p>18 argazki eta 18 istorio\u00a0proiektuak aztergaia aldatu eta berpiztu  dezakeen irudimenezko jardute gisa hartzen du ikerketa, eta, abiaburu  hori izanda, kontakizun ibiltariak ekoizten dituen gailu baten itxura  hartzen du. Ildo horretan, hainbat laguni gonbit egin zaie,\u00a0<em>Performance in Resistance<\/em>\u00a0artelana eratzen duten 18 argazkietako bat har dezaten eta kontakizun bat osa dezaten.<\/p>\n<p>Valc\u00e1rcel Medinak berariaz egindako artelan honen lehenbiziko  geldialdia Amsterdameko hetveem Theater izan zen, hor egon baitzen  2012ko otsailean. Han, hiru kontalarik \u2013Moosje Goosenek, Emilio Morenok  eta Esteban Pujals Gesal\u00edk\u2013 hiru istorio kontatu zituzten, multzo osoko  hiru argazkitan oinarrituta:\u00a0<em>Campa\u00f1a 1969<\/em>\u00a0(Madril eta Murtzia, 1969), <em>S\/T<\/em> <em>(Herramientas de precisi\u00f3n)<\/em>\u00a0(Milan, 1987) eta\u00a0<em>136 manzanas de Asunci\u00f3n<\/em>\u00a0(Asunci\u00f3n, 1976).<\/p>\n<p>Bigarren geldialdia, Bulegoa z\/b gunean izan zen, apirilaren 20an,  eta, bertan, Jos\u00e9 D\u00edaz Cuy\u00e1sek, Jaime Vallaurek eta Azucena Vieitesek  hiru istorio kontatu zituzten,\u00a0<em>Retratos callejeros<\/em>\u00a0(Bartzelona, 1975),\u00a0<em>Pe\u00f3n de Rey<\/em>\u00a0(Murtzia, 1965) eta\u00a0<em>El discurso sigue\u2026 su curso<\/em>\u00a0(Granada, 1993) lanetan oinarri hartuta, hurrenez hurren.<\/p>\n<p>Hirugarren geldialdian,\u00a0<em>Performance in Resistance<\/em>\u00a0artelana  Bartzelonako Fundaci\u00f3 T\u00e0piesen izan zen, 2012ko ekainaren 6an, Nuria  Enguitak, Aimar P\u00e9rezek eta Manuel Mart\u00ednezek istorio hauek kontatu  zituzten, hurrenez hurren:\u00a0<em>El cuadro<\/em>\u00a0(Madril, 1969),\u00a0<em>La Visita<\/em>\u00a0(Hainbat hiri, 1974) eta\u00a0<em>El Sena por Par\u00eds<\/em>\u00a0(Paris, 1975).<\/p>\n<p>Laugarren geldialdia, CAC Br\u00e9tigny zentroan izan zen, urriaren 27an.  Bertan, Esther Ferrer-ek, Jon Mikel Eubak eta Pierre Bal-Blanc-ek  kontakizun hauek azaldu zituzten, hurrenez hurren:\u00a0<em>El Sena por Par\u00eds<\/em>\u00a0(Paris, 1975),\u00a0<em>El hombre de la capa<\/em>\u00a0(New York, 1967) eta\u00a0<em>Marat\u00f3n<\/em>\u00a0(Madril, 1981).<\/p>\n<p>Bostgarren geldialdia Sevillako BNV Producciones-en izan zen,  azaroaren 6an, eta, bertan, Pedro G. Romerok, Isa\u00edas Gri\u00f1olok eta Miren  Jaiok honetaz hitz egin zuten nork bere aldetik:\u00a0<em>Encuesta en la cola del besamanos del Cristo de Medinaceli<\/em>\u00a0(Madril, 1978),\u00a0<em>El pintor en la calle<\/em>\u00a0(Madril, 1978) eta\u00a0<em>12 ejercicios de medici\u00f3n sobre la ciudad de C\u00f3rdoba (J)<\/em>\u00a0(Kordoba, 1974).<\/p>\n<p>Seigarren geldialdia, Lovainako STUKeko Playground Festibalean izango  da, azaroaren 11an. Bertan, Koen Brams-ek, Dora Garc\u00eda-k eta Myriam Van  Imschooot-ek kontakizun hauek azalduko dituzte, hurrenez hurren: <em>Retratos callejeros<\/em>\u00a0(Bartzelona, 1975),\u00a0<em>Hombres anuncio<\/em> (Madril, 1976) eta <em>S\/T<\/em> (<em>Oinoezkonetzako pasabidea<\/em> moduan ezagutua) (hainbat hiri, 1971).<\/p>\n<p><em>18 argazki eta 18 istorio<\/em> eta <em>Performance in Resistance<\/em>  ekimenen bidaia azaroaren 29an amaituko da, Sao Pauloko Unibertsitateko  Arte Garaikidearen Museoan, hantxe egongo baita ikusgai azken  geldialdia, <em>A Cidade e o Estrangeiro<\/em> (<em>Hiria eta atzerritarra<\/em>)  erakusketarekin batera. Cristina Freire komisarioaren ardurapeko  erakusketa honek atzera berreskuratuko ditu Valc\u00e1rcel Medinak 1976an  MACen egin zuen izen bereko erakusketa monografikoko erregistro  dokumentalak.<\/p>\n<p>Geldialdi bakoitzean, Isidoro Valc\u00e1rcel telefonoan egongo da,  harremanetan jartzeko moduan, kontatzaileek edo entzuleek galderaren bat  egin nahi izanez gero erantzuteko.<\/p>\n<p><strong>* Argazkiak: Roc\u00edo Are\u00e1n Guti\u00e9rrez,<\/strong>\u00a0Central Saint Martins College of Art and Design-eko ikaslea Londresen.<\/p>\n<p><strong>Koen Brams<\/strong> ikertzailea eta idazle independentea da.  De Witte Raaf-en argitaratzaileen burua (1992-2000) eta Jan van Eyck  Academieko zuzendaria (2000-2011) izan zen. Ikerketa-proiektu bat  zuzentzen du, Dirk P\u00fcltaurekin batera, 1945. urtetik aurreragoko  Belgikako arteari buruz. Oraintsu ateratako argitalpenen artean, honako  hauek nabarmendu behar dira: <em>The Encyclopedia of Fictional Artists<\/em> (JRP Ringier, 2010); <em>The clandestine in the work of Jef Cornelis<\/em> (Dirk P\u00fcltaurekin batera), Argos\/De Witte Raaf\/Jan van Eyck Academie\/Marcelum Boxtareos, 2010; <em>Matt Mullican: Im Gespr\u00e4ch\/Conversations<\/em>  (Dirk P\u00fcltaurekin batera), DuMont, Kolonia, 2011; Belgikako eta  Holandako \u201cpostmodernismoaren\u201d \u201chelduera\u201d, \u201casimilazio\u201d eta \u201cagurrari\u201d  buruzko <em>De Witte Raaf<\/em>-en bi aleak (155. zk., 2012ko urtarril-otsaila, eta 156. zk., 2012ko martxo-apirila.<\/p>\n<p><strong>Dora Garc\u00eda<\/strong> Bartzelonan bizi da, eta bertan lan  egiten du. Amsterdameko Rijksakademien ikasi zuen. Egin dituen banakako  erakusten artean, hauek nabarmentzen dira: Bernako Kunsthalle (2010),  Leipzigeko Galerie f\u00fcr Zeitgen\u00f6ssische Kunst (2007), Madrilgo Museo  Centro de Arte Reina Sof\u00eda (2005-2006) eta Eva Wittockx komisarioaren  gidaritzapean Ganteko SMAKen egindakoa (2006). Bienal hauetan hartu du  parte: Veneziako bienala (2011), Sao Pauloko bienala (2010), Sydneyko  bienala (2008) eta M\u00fcnsterko Skulptur Projekte izenekoa (2007).<\/p>\n<p><strong>Myriam Van Imschoot<\/strong> idazlea eta performanceko  artistak Bruselan du egoitza. Artxiboak, ahotsa, oroimena eta paisaia  lantzen ditu era askotako inguruneetan. Gaur egun, ahotsari eta  paisaiari buruzko proiektuen ziklo bat prestatzen ari da, Flandesko  Erkidegoko Batzordeak emandako ibilbideko beka bati esker. Espazioan eta  denboran garatzen diren komunikazioko moldeek pizten dute bere arreta.  Iraupen gutxikoa denaren ertzetan dagoen artea ere interesatzen zaionez,  arazoak gorabehera, aztarnen, hondarren edo oihartzunen bidez irauten  duen guztiak erakartzen du. Hainbat ikerketa-beka jaso ditu, bere lanen  sari gisa, besteak beste, Die H\u00f6ge, Bellagio Foundation, Flandesko  Erkidegoko Batzorde eta Jan van Eyck Academiek emandakoak. Bere  artelanak maiz agertzen dira ikusgai, jaialdi, erakusketa, galeria era  arte-guneetan, hala nola, hauetan: Kaaitheater, STUKeko Playground ,  Buda, Binaural Sound Arts Center, Intimate Strangers Festival, Working  Title, Recyclart, etab.<\/p>\n<p><em>18 pictures and 18 stories \/ 18 fotograf\u00edas y 18 historias<\/em> honako instituzioek ekoiztu dute elkarlanean: BNV Producciones, Sevilla; Bulegoa z\/b, Bilbo; CAC Br\u00e9tigny, Paris Handia; If I Can\u2019t Dance, I Don\u2019t Want To Be Part Of Your Revolution, Amsterdam; Museu de Arte Contempor\u00e2nea da Universidade de S\u00e3o Paulo (MAC USP); STUK arte zentrua\/Museum M-ko Playground festibala, Lovaina; Fundaci\u00f3 Antoni T\u00e0pies, Bartzelona; Tate Modern, Londres; eta Het Veem Theater, Amsterdam.<\/p>\n<p>18 pictures and 18 stories \/ 18 fotograf\u00edas y 18 historias performanceak eta liburua <em>Corpus: a network for performance practice-n<\/em> laguntzari esker gauzatu dira. <em>Corpus<\/em> Europar Batasunak finantzatutako ekimena da.<\/p>\n<p><span class=\"inline inline-left\"><img loading=\"lazy\" width=\"300\" height=\"96\" class=\"image image-thumbnail \" title=\"\" alt=\"\" src=\"https:\/\/bulegoa.org\/sites\/default\/files\/images\/EU_flag_cult_EN_BW.thumbnail.jpeg\" \/><\/span><br \/>\n\u00a0<\/p>\n","protected":false},"excerpt":{"rendered":"<p>18 argazki eta 18 istorio\u00a0Bulegoa z\/b ekimenak Amsterdameko If I Can\u2019t Dance I Don\u2019t Want To Be Part Of Your Revolution plataformarekin lankidetzan egin duen proiektu bat da; eta Isidoro Valc\u00e1rcel Medinaren\u00a0Performance in Resistance\u00a0artelana aurkezten eta laguntzen du, 18 kontakizunen bidez eta 7 hiritan barrena egindako bidaia batean. 2010eko udazkenean, If I Can\u2019t Dance plataformak [&hellip;]<\/p>\n","protected":false},"author":1,"featured_media":2478,"comment_status":"closed","ping_status":"closed","sticky":false,"template":"","format":"standard","meta":[],"categories":[51],"tags":[],"acf":[],"yoast_head":"<!-- This site is optimized with the Yoast SEO plugin v20.4 - https:\/\/yoast.com\/wordpress\/plugins\/seo\/ -->\n<title>\u201c18 argazki eta 18 istorio\u201d: Isidoro Valc\u00e1rcel Medinaren \u201cPerformance in Resistance\u201d* lanaren seigarren geldialdia - Bulegoa z\/b<\/title>\n<meta name=\"description\" content=\"Ubicada en el barrio bilba\u00edno de Solokoetxe y centrada en la producci\u00f3n, la discusi\u00f3n, el intercambio de ideas y la materializaci\u00f3n de proyectos art\u00edsticos.\" \/>\n<meta name=\"robots\" content=\"index, follow, max-snippet:-1, max-image-preview:large, max-video-preview:-1\" \/>\n<link rel=\"canonical\" href=\"https:\/\/bulegoa.org\/eu\/18-argazki-eta-18-istorio-isidoro-valcarcel-medinaren-performance-in-resistance-lanaren-seigarren-geldialdia\/\" \/>\n<meta property=\"og:locale\" content=\"eu_ES\" \/>\n<meta property=\"og:type\" content=\"article\" \/>\n<meta property=\"og:title\" content=\"\u201c18 argazki eta 18 istorio\u201d: Isidoro Valc\u00e1rcel Medinaren \u201cPerformance in Resistance\u201d* lanaren seigarren geldialdia - Bulegoa z\/b\" \/>\n<meta property=\"og:description\" content=\"Ubicada en el barrio bilba\u00edno de Solokoetxe y centrada en la producci\u00f3n, la discusi\u00f3n, el intercambio de ideas y la materializaci\u00f3n de proyectos art\u00edsticos.\" \/>\n<meta property=\"og:url\" content=\"https:\/\/bulegoa.org\/eu\/18-argazki-eta-18-istorio-isidoro-valcarcel-medinaren-performance-in-resistance-lanaren-seigarren-geldialdia\/\" \/>\n<meta property=\"og:site_name\" content=\"Bulegoa z\/b\" \/>\n<meta property=\"article:publisher\" content=\"https:\/\/www.facebook.com\/bulegoazb\/\" \/>\n<meta property=\"article:published_time\" content=\"2013-11-13T23:00:00+00:00\" \/>\n<meta property=\"article:modified_time\" content=\"2017-09-11T11:19:19+00:00\" \/>\n<meta property=\"og:image\" content=\"https:\/\/bulegoa.org\/web\/wp-content\/uploads\/2017\/07\/18_18_lovaina_01.jpg\" \/>\n\t<meta property=\"og:image:width\" content=\"640\" \/>\n\t<meta property=\"og:image:height\" content=\"427\" \/>\n\t<meta property=\"og:image:type\" content=\"image\/jpeg\" \/>\n<meta name=\"author\" content=\"Richard\" \/>\n<meta name=\"twitter:card\" content=\"summary_large_image\" \/>\n<meta name=\"twitter:creator\" content=\"@bulegoazb\" \/>\n<meta name=\"twitter:site\" content=\"@bulegoazb\" \/>\n<script type=\"application\/ld+json\" class=\"yoast-schema-graph\">{\"@context\":\"https:\/\/schema.org\",\"@graph\":[{\"@type\":\"WebPage\",\"@id\":\"https:\/\/bulegoa.org\/eu\/18-argazki-eta-18-istorio-isidoro-valcarcel-medinaren-performance-in-resistance-lanaren-seigarren-geldialdia\/\",\"url\":\"https:\/\/bulegoa.org\/eu\/18-argazki-eta-18-istorio-isidoro-valcarcel-medinaren-performance-in-resistance-lanaren-seigarren-geldialdia\/\",\"name\":\"\u201c18 argazki eta 18 istorio\u201d: Isidoro Valc\u00e1rcel Medinaren \u201cPerformance in Resistance\u201d* lanaren seigarren geldialdia - Bulegoa z\/b\",\"isPartOf\":{\"@id\":\"https:\/\/bulegoa.org\/#website\"},\"datePublished\":\"2013-11-13T23:00:00+00:00\",\"dateModified\":\"2017-09-11T11:19:19+00:00\",\"author\":{\"@id\":\"https:\/\/bulegoa.org\/#\/schema\/person\/bc9313fa18f8b20d8e9631b0fb2dbba3\"},\"description\":\"Ubicada en el barrio bilba\u00edno de Solokoetxe y centrada en la producci\u00f3n, la discusi\u00f3n, el intercambio de ideas y la materializaci\u00f3n de proyectos art\u00edsticos.\",\"breadcrumb\":{\"@id\":\"https:\/\/bulegoa.org\/eu\/18-argazki-eta-18-istorio-isidoro-valcarcel-medinaren-performance-in-resistance-lanaren-seigarren-geldialdia\/#breadcrumb\"},\"inLanguage\":\"eu-ES\",\"potentialAction\":[{\"@type\":\"ReadAction\",\"target\":[\"https:\/\/bulegoa.org\/eu\/18-argazki-eta-18-istorio-isidoro-valcarcel-medinaren-performance-in-resistance-lanaren-seigarren-geldialdia\/\"]}]},{\"@type\":\"BreadcrumbList\",\"@id\":\"https:\/\/bulegoa.org\/eu\/18-argazki-eta-18-istorio-isidoro-valcarcel-medinaren-performance-in-resistance-lanaren-seigarren-geldialdia\/#breadcrumb\",\"itemListElement\":[{\"@type\":\"ListItem\",\"position\":1,\"name\":\"Home\",\"item\":\"https:\/\/bulegoa.org\/eu\/\"},{\"@type\":\"ListItem\",\"position\":2,\"name\":\"\u201c18 argazki eta 18 istorio\u201d: Isidoro Valc\u00e1rcel Medinaren \u201cPerformance in Resistance\u201d* lanaren seigarren geldialdia\"}]},{\"@type\":\"WebSite\",\"@id\":\"https:\/\/bulegoa.org\/#website\",\"url\":\"https:\/\/bulegoa.org\/\",\"name\":\"Bulegoa z\/b\",\"description\":\"\",\"potentialAction\":[{\"@type\":\"SearchAction\",\"target\":{\"@type\":\"EntryPoint\",\"urlTemplate\":\"https:\/\/bulegoa.org\/?s={search_term_string}\"},\"query-input\":\"required name=search_term_string\"}],\"inLanguage\":\"eu-ES\"},{\"@type\":\"Person\",\"@id\":\"https:\/\/bulegoa.org\/#\/schema\/person\/bc9313fa18f8b20d8e9631b0fb2dbba3\",\"name\":\"Richard\"}]}<\/script>\n<!-- \/ Yoast SEO plugin. -->","yoast_head_json":{"title":"\u201c18 argazki eta 18 istorio\u201d: Isidoro Valc\u00e1rcel Medinaren \u201cPerformance in Resistance\u201d* lanaren seigarren geldialdia - Bulegoa z\/b","description":"Ubicada en el barrio bilba\u00edno de Solokoetxe y centrada en la producci\u00f3n, la discusi\u00f3n, el intercambio de ideas y la materializaci\u00f3n de proyectos art\u00edsticos.","robots":{"index":"index","follow":"follow","max-snippet":"max-snippet:-1","max-image-preview":"max-image-preview:large","max-video-preview":"max-video-preview:-1"},"canonical":"https:\/\/bulegoa.org\/eu\/18-argazki-eta-18-istorio-isidoro-valcarcel-medinaren-performance-in-resistance-lanaren-seigarren-geldialdia\/","og_locale":"eu_ES","og_type":"article","og_title":"\u201c18 argazki eta 18 istorio\u201d: Isidoro Valc\u00e1rcel Medinaren \u201cPerformance in Resistance\u201d* lanaren seigarren geldialdia - Bulegoa z\/b","og_description":"Ubicada en el barrio bilba\u00edno de Solokoetxe y centrada en la producci\u00f3n, la discusi\u00f3n, el intercambio de ideas y la materializaci\u00f3n de proyectos art\u00edsticos.","og_url":"https:\/\/bulegoa.org\/eu\/18-argazki-eta-18-istorio-isidoro-valcarcel-medinaren-performance-in-resistance-lanaren-seigarren-geldialdia\/","og_site_name":"Bulegoa z\/b","article_publisher":"https:\/\/www.facebook.com\/bulegoazb\/","article_published_time":"2013-11-13T23:00:00+00:00","article_modified_time":"2017-09-11T11:19:19+00:00","og_image":[{"width":640,"height":427,"url":"https:\/\/bulegoa.org\/web\/wp-content\/uploads\/2017\/07\/18_18_lovaina_01.jpg","type":"image\/jpeg"}],"author":"Richard","twitter_card":"summary_large_image","twitter_creator":"@bulegoazb","twitter_site":"@bulegoazb","schema":{"@context":"https:\/\/schema.org","@graph":[{"@type":"WebPage","@id":"https:\/\/bulegoa.org\/eu\/18-argazki-eta-18-istorio-isidoro-valcarcel-medinaren-performance-in-resistance-lanaren-seigarren-geldialdia\/","url":"https:\/\/bulegoa.org\/eu\/18-argazki-eta-18-istorio-isidoro-valcarcel-medinaren-performance-in-resistance-lanaren-seigarren-geldialdia\/","name":"\u201c18 argazki eta 18 istorio\u201d: Isidoro Valc\u00e1rcel Medinaren \u201cPerformance in Resistance\u201d* lanaren seigarren geldialdia - Bulegoa z\/b","isPartOf":{"@id":"https:\/\/bulegoa.org\/#website"},"datePublished":"2013-11-13T23:00:00+00:00","dateModified":"2017-09-11T11:19:19+00:00","author":{"@id":"https:\/\/bulegoa.org\/#\/schema\/person\/bc9313fa18f8b20d8e9631b0fb2dbba3"},"description":"Ubicada en el barrio bilba\u00edno de Solokoetxe y centrada en la producci\u00f3n, la discusi\u00f3n, el intercambio de ideas y la materializaci\u00f3n de proyectos art\u00edsticos.","breadcrumb":{"@id":"https:\/\/bulegoa.org\/eu\/18-argazki-eta-18-istorio-isidoro-valcarcel-medinaren-performance-in-resistance-lanaren-seigarren-geldialdia\/#breadcrumb"},"inLanguage":"eu-ES","potentialAction":[{"@type":"ReadAction","target":["https:\/\/bulegoa.org\/eu\/18-argazki-eta-18-istorio-isidoro-valcarcel-medinaren-performance-in-resistance-lanaren-seigarren-geldialdia\/"]}]},{"@type":"BreadcrumbList","@id":"https:\/\/bulegoa.org\/eu\/18-argazki-eta-18-istorio-isidoro-valcarcel-medinaren-performance-in-resistance-lanaren-seigarren-geldialdia\/#breadcrumb","itemListElement":[{"@type":"ListItem","position":1,"name":"Home","item":"https:\/\/bulegoa.org\/eu\/"},{"@type":"ListItem","position":2,"name":"\u201c18 argazki eta 18 istorio\u201d: Isidoro Valc\u00e1rcel Medinaren \u201cPerformance in Resistance\u201d* lanaren seigarren geldialdia"}]},{"@type":"WebSite","@id":"https:\/\/bulegoa.org\/#website","url":"https:\/\/bulegoa.org\/","name":"Bulegoa z\/b","description":"","potentialAction":[{"@type":"SearchAction","target":{"@type":"EntryPoint","urlTemplate":"https:\/\/bulegoa.org\/?s={search_term_string}"},"query-input":"required name=search_term_string"}],"inLanguage":"eu-ES"},{"@type":"Person","@id":"https:\/\/bulegoa.org\/#\/schema\/person\/bc9313fa18f8b20d8e9631b0fb2dbba3","name":"Richard"}]}},"_links":{"self":[{"href":"https:\/\/bulegoa.org\/eu\/wp-json\/wp\/v2\/posts\/1957"}],"collection":[{"href":"https:\/\/bulegoa.org\/eu\/wp-json\/wp\/v2\/posts"}],"about":[{"href":"https:\/\/bulegoa.org\/eu\/wp-json\/wp\/v2\/types\/post"}],"author":[{"embeddable":true,"href":"https:\/\/bulegoa.org\/eu\/wp-json\/wp\/v2\/users\/1"}],"replies":[{"embeddable":true,"href":"https:\/\/bulegoa.org\/eu\/wp-json\/wp\/v2\/comments?post=1957"}],"version-history":[{"count":1,"href":"https:\/\/bulegoa.org\/eu\/wp-json\/wp\/v2\/posts\/1957\/revisions"}],"predecessor-version":[{"id":4308,"href":"https:\/\/bulegoa.org\/eu\/wp-json\/wp\/v2\/posts\/1957\/revisions\/4308"}],"wp:featuredmedia":[{"embeddable":true,"href":"https:\/\/bulegoa.org\/eu\/wp-json\/wp\/v2\/media\/2478"}],"wp:attachment":[{"href":"https:\/\/bulegoa.org\/eu\/wp-json\/wp\/v2\/media?parent=1957"}],"wp:term":[{"taxonomy":"category","embeddable":true,"href":"https:\/\/bulegoa.org\/eu\/wp-json\/wp\/v2\/categories?post=1957"},{"taxonomy":"post_tag","embeddable":true,"href":"https:\/\/bulegoa.org\/eu\/wp-json\/wp\/v2\/tags?post=1957"}],"curies":[{"name":"wp","href":"https:\/\/api.w.org\/{rel}","templated":true}]}}