{"id":16431,"date":"2022-01-04T18:00:27","date_gmt":"2022-01-04T17:00:27","guid":{"rendered":"https:\/\/bulegoa.org\/?p=16431"},"modified":"2023-01-02T16:55:54","modified_gmt":"2023-01-02T15:55:54","slug":"xabier-salaberria-eta-miel-oyarzabal-2022-higigarriaren-eta-higiezinaren-artean","status":"publish","type":"post","link":"https:\/\/bulegoa.org\/eu\/xabier-salaberria-eta-miel-oyarzabal-2022-higigarriaren-eta-higiezinaren-artean\/","title":{"rendered":"zapi zuria: Xabier Salaberria eta Miel Oyarzabal"},"content":{"rendered":"<p><b>2022: Entre el mueble y el inmueble<\/b><\/p>\n<p><a href=\"https:\/\/bulegoa.org\/eu\/display-series-miel-oyarzabal-eta-xabier-salaberria\/\">Erakusketaren muntaketaren<\/a> irudien konbinazioa eta erretikula bat, 2022ko indarreko egutegiko datekin bat datorrena zenbakien, asteko eta hileko egunen banaketan. Hiperesteka bat dago, baten batek inprimatu eta bikoiztu nahi badu. <i>Papera aurreztu behar da.<\/i><\/p>\n<p><a href=\"https:\/\/zapizuria.org\/\">Zapi Zuria<\/a>\u00a0<a href=\"https:\/\/bulegoa.org\/eu\/zapi-zuria\/\" target=\"_blank\" rel=\"noopener noreferrer\">Bulegoa z\/b<\/a>-ren argitalpen-espazioa da, parte-hartzeak argitaratzeari eskainia.<\/p>\n<p><strong>Miel Oyarzabal<\/strong> artista da, eta 2020an, Xabier Sabalerriarekin batera, Entremuebles\/Entre el Mueble y el Inmueble esku-hartzea egin zuen Bulegoa z\/b-n.<\/p>\n<p><strong>Xabier Salaberria<\/strong> artista da eta, 2020an, Miel Oyarzabalekin batera, Entremuebles\/Entre el Mueble y el Inmueble esku-hartzea egin zuen Bulegoa z\/b-n.<\/p>\n","protected":false},"excerpt":{"rendered":"<p>2022: Entre el mueble y el inmueble Erakusketaren muntaketaren irudien konbinazioa eta erretikula bat, 2022ko indarreko egutegiko datekin bat datorrena zenbakien, asteko eta hileko egunen banaketan. Hiperesteka bat dago, baten batek inprimatu eta bikoiztu nahi badu. Papera aurreztu behar da. Zapi Zuria\u00a0Bulegoa z\/b-ren argitalpen-espazioa da, parte-hartzeak argitaratzeari eskainia. Miel Oyarzabal artista da, eta 2020an, Xabier [&hellip;]<\/p>\n","protected":false},"author":6,"featured_media":16443,"comment_status":"closed","ping_status":"closed","sticky":false,"template":"","format":"standard","meta":[],"categories":[152],"tags":[],"acf":[],"yoast_head":"<!-- This site is optimized with the Yoast SEO plugin v20.4 - https:\/\/yoast.com\/wordpress\/plugins\/seo\/ -->\n<title>zapi zuria: Xabier Salaberria eta Miel Oyarzabal - Bulegoa z\/b<\/title>\n<meta name=\"description\" content=\"Ubicada en el barrio bilba\u00edno de Solokoetxe y centrada en la producci\u00f3n, la discusi\u00f3n, el intercambio de ideas y la materializaci\u00f3n de proyectos art\u00edsticos.\" \/>\n<meta name=\"robots\" content=\"index, follow, max-snippet:-1, max-image-preview:large, max-video-preview:-1\" \/>\n<link rel=\"canonical\" href=\"https:\/\/bulegoa.org\/eu\/xabier-salaberria-eta-miel-oyarzabal-2022-higigarriaren-eta-higiezinaren-artean\/\" \/>\n<meta property=\"og:locale\" content=\"eu_ES\" \/>\n<meta property=\"og:type\" content=\"article\" \/>\n<meta property=\"og:title\" content=\"zapi zuria: Xabier Salaberria eta Miel Oyarzabal - Bulegoa z\/b\" \/>\n<meta property=\"og:description\" content=\"Ubicada en el barrio bilba\u00edno de Solokoetxe y centrada en la producci\u00f3n, la discusi\u00f3n, el intercambio de ideas y la materializaci\u00f3n de proyectos art\u00edsticos.\" \/>\n<meta property=\"og:url\" content=\"https:\/\/bulegoa.org\/eu\/xabier-salaberria-eta-miel-oyarzabal-2022-higigarriaren-eta-higiezinaren-artean\/\" \/>\n<meta property=\"og:site_name\" content=\"Bulegoa z\/b\" \/>\n<meta property=\"article:publisher\" content=\"https:\/\/www.facebook.com\/bulegoazb\/\" \/>\n<meta property=\"article:published_time\" content=\"2022-01-04T17:00:27+00:00\" \/>\n<meta property=\"article:modified_time\" content=\"2023-01-02T15:55:54+00:00\" \/>\n<meta property=\"og:image\" content=\"http:\/\/bulegoa.org\/web\/wp-content\/uploads\/2022\/01\/5-copia2.jpg\" \/>\n\t<meta property=\"og:image:width\" content=\"1536\" \/>\n\t<meta property=\"og:image:height\" content=\"1160\" \/>\n\t<meta property=\"og:image:type\" content=\"image\/jpeg\" \/>\n<meta name=\"author\" content=\"Silvia\" \/>\n<meta name=\"twitter:card\" content=\"summary_large_image\" \/>\n<meta name=\"twitter:creator\" content=\"@bulegoazb\" \/>\n<meta name=\"twitter:site\" content=\"@bulegoazb\" \/>\n<script type=\"application\/ld+json\" class=\"yoast-schema-graph\">{\"@context\":\"https:\/\/schema.org\",\"@graph\":[{\"@type\":\"WebPage\",\"@id\":\"https:\/\/bulegoa.org\/eu\/xabier-salaberria-eta-miel-oyarzabal-2022-higigarriaren-eta-higiezinaren-artean\/\",\"url\":\"https:\/\/bulegoa.org\/eu\/xabier-salaberria-eta-miel-oyarzabal-2022-higigarriaren-eta-higiezinaren-artean\/\",\"name\":\"zapi zuria: Xabier Salaberria eta Miel Oyarzabal - Bulegoa z\/b\",\"isPartOf\":{\"@id\":\"https:\/\/bulegoa.org\/#website\"},\"datePublished\":\"2022-01-04T17:00:27+00:00\",\"dateModified\":\"2023-01-02T15:55:54+00:00\",\"author\":{\"@id\":\"https:\/\/bulegoa.org\/#\/schema\/person\/6afba3a427c7cf7ffe10082098b2e674\"},\"description\":\"Ubicada en el barrio bilba\u00edno de Solokoetxe y centrada en la producci\u00f3n, la discusi\u00f3n, el intercambio de ideas y la materializaci\u00f3n de proyectos art\u00edsticos.\",\"breadcrumb\":{\"@id\":\"https:\/\/bulegoa.org\/eu\/xabier-salaberria-eta-miel-oyarzabal-2022-higigarriaren-eta-higiezinaren-artean\/#breadcrumb\"},\"inLanguage\":\"eu-ES\",\"potentialAction\":[{\"@type\":\"ReadAction\",\"target\":[\"https:\/\/bulegoa.org\/eu\/xabier-salaberria-eta-miel-oyarzabal-2022-higigarriaren-eta-higiezinaren-artean\/\"]}]},{\"@type\":\"BreadcrumbList\",\"@id\":\"https:\/\/bulegoa.org\/eu\/xabier-salaberria-eta-miel-oyarzabal-2022-higigarriaren-eta-higiezinaren-artean\/#breadcrumb\",\"itemListElement\":[{\"@type\":\"ListItem\",\"position\":1,\"name\":\"Home\",\"item\":\"https:\/\/bulegoa.org\/eu\/\"},{\"@type\":\"ListItem\",\"position\":2,\"name\":\"zapi zuria: Xabier Salaberria eta Miel Oyarzabal\"}]},{\"@type\":\"WebSite\",\"@id\":\"https:\/\/bulegoa.org\/#website\",\"url\":\"https:\/\/bulegoa.org\/\",\"name\":\"Bulegoa z\/b\",\"description\":\"\",\"potentialAction\":[{\"@type\":\"SearchAction\",\"target\":{\"@type\":\"EntryPoint\",\"urlTemplate\":\"https:\/\/bulegoa.org\/?s={search_term_string}\"},\"query-input\":\"required name=search_term_string\"}],\"inLanguage\":\"eu-ES\"},{\"@type\":\"Person\",\"@id\":\"https:\/\/bulegoa.org\/#\/schema\/person\/6afba3a427c7cf7ffe10082098b2e674\",\"name\":\"Silvia\"}]}<\/script>\n<!-- \/ Yoast SEO plugin. -->","yoast_head_json":{"title":"zapi zuria: Xabier Salaberria eta Miel Oyarzabal - Bulegoa z\/b","description":"Ubicada en el barrio bilba\u00edno de Solokoetxe y centrada en la producci\u00f3n, la discusi\u00f3n, el intercambio de ideas y la materializaci\u00f3n de proyectos art\u00edsticos.","robots":{"index":"index","follow":"follow","max-snippet":"max-snippet:-1","max-image-preview":"max-image-preview:large","max-video-preview":"max-video-preview:-1"},"canonical":"https:\/\/bulegoa.org\/eu\/xabier-salaberria-eta-miel-oyarzabal-2022-higigarriaren-eta-higiezinaren-artean\/","og_locale":"eu_ES","og_type":"article","og_title":"zapi zuria: Xabier Salaberria eta Miel Oyarzabal - Bulegoa z\/b","og_description":"Ubicada en el barrio bilba\u00edno de Solokoetxe y centrada en la producci\u00f3n, la discusi\u00f3n, el intercambio de ideas y la materializaci\u00f3n de proyectos art\u00edsticos.","og_url":"https:\/\/bulegoa.org\/eu\/xabier-salaberria-eta-miel-oyarzabal-2022-higigarriaren-eta-higiezinaren-artean\/","og_site_name":"Bulegoa z\/b","article_publisher":"https:\/\/www.facebook.com\/bulegoazb\/","article_published_time":"2022-01-04T17:00:27+00:00","article_modified_time":"2023-01-02T15:55:54+00:00","og_image":[{"width":1536,"height":1160,"url":"http:\/\/bulegoa.org\/web\/wp-content\/uploads\/2022\/01\/5-copia2.jpg","type":"image\/jpeg"}],"author":"Silvia","twitter_card":"summary_large_image","twitter_creator":"@bulegoazb","twitter_site":"@bulegoazb","schema":{"@context":"https:\/\/schema.org","@graph":[{"@type":"WebPage","@id":"https:\/\/bulegoa.org\/eu\/xabier-salaberria-eta-miel-oyarzabal-2022-higigarriaren-eta-higiezinaren-artean\/","url":"https:\/\/bulegoa.org\/eu\/xabier-salaberria-eta-miel-oyarzabal-2022-higigarriaren-eta-higiezinaren-artean\/","name":"zapi zuria: Xabier Salaberria eta Miel Oyarzabal - Bulegoa z\/b","isPartOf":{"@id":"https:\/\/bulegoa.org\/#website"},"datePublished":"2022-01-04T17:00:27+00:00","dateModified":"2023-01-02T15:55:54+00:00","author":{"@id":"https:\/\/bulegoa.org\/#\/schema\/person\/6afba3a427c7cf7ffe10082098b2e674"},"description":"Ubicada en el barrio bilba\u00edno de Solokoetxe y centrada en la producci\u00f3n, la discusi\u00f3n, el intercambio de ideas y la materializaci\u00f3n de proyectos art\u00edsticos.","breadcrumb":{"@id":"https:\/\/bulegoa.org\/eu\/xabier-salaberria-eta-miel-oyarzabal-2022-higigarriaren-eta-higiezinaren-artean\/#breadcrumb"},"inLanguage":"eu-ES","potentialAction":[{"@type":"ReadAction","target":["https:\/\/bulegoa.org\/eu\/xabier-salaberria-eta-miel-oyarzabal-2022-higigarriaren-eta-higiezinaren-artean\/"]}]},{"@type":"BreadcrumbList","@id":"https:\/\/bulegoa.org\/eu\/xabier-salaberria-eta-miel-oyarzabal-2022-higigarriaren-eta-higiezinaren-artean\/#breadcrumb","itemListElement":[{"@type":"ListItem","position":1,"name":"Home","item":"https:\/\/bulegoa.org\/eu\/"},{"@type":"ListItem","position":2,"name":"zapi zuria: Xabier Salaberria eta Miel Oyarzabal"}]},{"@type":"WebSite","@id":"https:\/\/bulegoa.org\/#website","url":"https:\/\/bulegoa.org\/","name":"Bulegoa z\/b","description":"","potentialAction":[{"@type":"SearchAction","target":{"@type":"EntryPoint","urlTemplate":"https:\/\/bulegoa.org\/?s={search_term_string}"},"query-input":"required name=search_term_string"}],"inLanguage":"eu-ES"},{"@type":"Person","@id":"https:\/\/bulegoa.org\/#\/schema\/person\/6afba3a427c7cf7ffe10082098b2e674","name":"Silvia"}]}},"_links":{"self":[{"href":"https:\/\/bulegoa.org\/eu\/wp-json\/wp\/v2\/posts\/16431"}],"collection":[{"href":"https:\/\/bulegoa.org\/eu\/wp-json\/wp\/v2\/posts"}],"about":[{"href":"https:\/\/bulegoa.org\/eu\/wp-json\/wp\/v2\/types\/post"}],"author":[{"embeddable":true,"href":"https:\/\/bulegoa.org\/eu\/wp-json\/wp\/v2\/users\/6"}],"replies":[{"embeddable":true,"href":"https:\/\/bulegoa.org\/eu\/wp-json\/wp\/v2\/comments?post=16431"}],"version-history":[{"count":6,"href":"https:\/\/bulegoa.org\/eu\/wp-json\/wp\/v2\/posts\/16431\/revisions"}],"predecessor-version":[{"id":18692,"href":"https:\/\/bulegoa.org\/eu\/wp-json\/wp\/v2\/posts\/16431\/revisions\/18692"}],"wp:featuredmedia":[{"embeddable":true,"href":"https:\/\/bulegoa.org\/eu\/wp-json\/wp\/v2\/media\/16443"}],"wp:attachment":[{"href":"https:\/\/bulegoa.org\/eu\/wp-json\/wp\/v2\/media?parent=16431"}],"wp:term":[{"taxonomy":"category","embeddable":true,"href":"https:\/\/bulegoa.org\/eu\/wp-json\/wp\/v2\/categories?post=16431"},{"taxonomy":"post_tag","embeddable":true,"href":"https:\/\/bulegoa.org\/eu\/wp-json\/wp\/v2\/tags?post=16431"}],"curies":[{"name":"wp","href":"https:\/\/api.w.org\/{rel}","templated":true}]}}