{"id":15011,"date":"2021-02-01T00:14:06","date_gmt":"2021-01-31T23:14:06","guid":{"rendered":"https:\/\/bulegoa.org\/?p=15011"},"modified":"2021-02-05T18:29:16","modified_gmt":"2021-02-05T17:29:16","slug":"lara-garcia-diaz-atalaseak-hezurmamitu","status":"publish","type":"post","link":"https:\/\/bulegoa.org\/eu\/lara-garcia-diaz-atalaseak-hezurmamitu\/","title":{"rendered":"LARA GARC\u00cdA D\u00cdAZ: ATALASEAK HEZURMAMITU"},"content":{"rendered":"<p>Lara Garc\u00eda D\u00edazen aurkezpena, Bulegoa z\/b-n izango duen egonaldiaren barruan. Bere proposamena <i>Encarnar los umbrales<\/i> (Atalaseak hezurmamitu) hautatua izan zen 2020ko egonaldien deialdian, Javiera de la Fuenteren <i>Enviolet\u00e1<\/i> proposamenarekin batera. Honako hauek eratu zuten epai-mahaia: Alejandro Alonso D\u00edaz (komisarioa eta fluent-eko zuzendaria), Miren Arenzana (artista) eta Bulegoa z\/b-ko kideak.<\/p>\n<p><b>ATALASEAK HEZURMAMITU<br \/>\n<\/b><i>Encarnar los umbrales<\/i> (Atalaseak hezurmamitu) idazketa-talde baten bidez eratzen da. Haustura-mekanikaren pentsamendua eta erraztasun sistemikoa erabiliz, idazketa tresna kolektiboa izango da gure gorputzen neke-mugak detektatzeko eta \u201catalase iraunkorraren\u201d ereduak marrazteko, aldaketa-erritmoak eta -abiadurak negoziatzeko eta erregulatzeko. Nola erabili idazkera \u201catalase iraunkorrak\u201d eraikitzeko, horietatik berezitasun bakoitzak ahal duena sustatzeko, multzoa ez lehertzeko moduan?<\/p>\n<p>Gorputza ez da ulertu behar gauza biologiko huts bat bezala, baizik eta entitate kodetu baten modura, &#8220;interfaze bat, atalase bat bezala, etengabeko indarren eremu bat, non kode ugari inskribatzen diren&#8221;; bere mugen eta hausturen onarpena aldarri moral eta politiko bihurtzen da. Rosi Braidottiren arabera, iraunkortasunean \u2013hau da, sustatze komunarekin jarraitzeko modua ematen duten atalaseak eraikitzeko artean\u2013, onarpen horiek giltzarri bilakatzen dira osatzen gaituzten erlazioak edo konexioak aldatzeko. Atalase horiek behar adina erantzukizuna eskatzen dute, harreman-multzoa gorputz baten kontura ez desertifikatzeko edo jasan dezakeguna gaindituko duen esperientzia biziegi baten bidez lehertzeko.<\/p>\n<p>Haustura-mekanikak \u2013pitzadura baten aurrean solido batek duen portaeraren azterketa gisa\u2013 adierazten digu, hain zuzen ere, gorputz batean hausturak antzematea beharrezkoa dela &#8220;kanpoko tentsio jakin bat jasatean pitzadurak edo etenak dituen material batean dauden tentsioak eta deformazioak banatzeko&#8221;. Zenbait parametroren bidez \u2013non gorputz baten neke-baldintzak eta -efektuak neurtu egiten baitira balizko haustura baten ondorioak murrizteko\u2013, haustura-mekanikak eredu erabilgarriak ematen ditu ororena indartzeko izan daitezkeen atalase iraunkor horiek asmatzeko eta bistaratzeko.<\/p>\n<p><b>Lara Garc\u00eda D\u00edazen egonaldiak hiru une ageriko izango ditu: aurkezpen publikoa otsailaren 10ean, idazketa tailerra otsailaren 24an eta itxiera-saioa egonaldiaren emaitzetako batzuk aurkezteko.<\/b><\/p>\n<p><b>Otsailaren 10eko aurrez aurreko saioan eta\/edo otsailaren 24ko idazketa-tailerrean parte hartzeko, eta hautatutako irakurketa jasotzeko, idatzi bulegoa@bulegoa.org helbidera.\u00a0<\/b><\/p>\n<p><b>EDUKIERA: <\/b>15 lagun gehienez.<\/p>\n<p><b>Lara Garc\u00eda D\u00edaz<\/b> teorialari soziala, Larre kultura-kolektibo feministaren sortzaileetako bat, eta kultura-ikertzailea da Anberesko Arteen Ikerketen Institutuan (Anberesko Unibertsitatea). Prekarietatearen inguruko politikak praktika kultural prokomunekin jartzen ditu harremanetan bere lanean, teoria feministen eta zaintzako teorien bidez. <i>What&#8217;s the Use<\/i> (Valiz, 2016), <i>Commonism <\/i>(Valiz, 2018), <i>La cuesti\u00f3n es ir tirando<\/i> (La F\u00e1brica, 2019) eta <i>Textus<\/i> (PAAC, 2020) liburuetan parte hartu du, baita zenbait aldizkari akademiko eta kulturaletan ere, hala nola hauetan: <i>Frame <\/i>(Utrecht University, 2017), <i>Arte y Pol\u00edticas de la Identidad <\/i>(Universidad de Murcia, 2018), <i>PUBJournal <\/i>(Sandberg University, 2019), <i>Terremoto<\/i> (Mexiko, 2020) eta <i>Vesper <\/i>(Veneziako Unibertsitatea, 2020). Kultura-ikertzaile gisa parte hartu du Mostra Internazionale di Architettura (Venezia, 2018), Integrated (Anberes, 2019), Oslo Biennial (Oslo, 2019) eta MACO (Mexiko Hiria, 2020) guneetan.<\/p>\n<p>&nbsp;<\/p>\n","protected":false},"excerpt":{"rendered":"<p>Lara Garc\u00eda D\u00edazen aurkezpena, Bulegoa z\/b-n izango duen egonaldiaren barruan. Bere proposamena Encarnar los umbrales (Atalaseak hezurmamitu) hautatua izan zen 2020ko egonaldien deialdian, Javiera de la Fuenteren Enviolet\u00e1 proposamenarekin batera. Honako hauek eratu zuten epai-mahaia: Alejandro Alonso D\u00edaz (komisarioa eta fluent-eko zuzendaria), Miren Arenzana (artista) eta Bulegoa z\/b-ko kideak. ATALASEAK HEZURMAMITU Encarnar los umbrales (Atalaseak [&hellip;]<\/p>\n","protected":false},"author":6,"featured_media":15008,"comment_status":"closed","ping_status":"closed","sticky":false,"template":"","format":"standard","meta":[],"categories":[124],"tags":[],"acf":[],"yoast_head":"<!-- This site is optimized with the Yoast SEO plugin v20.4 - https:\/\/yoast.com\/wordpress\/plugins\/seo\/ -->\n<title>LARA GARC\u00cdA D\u00cdAZ: ATALASEAK HEZURMAMITU - Bulegoa z\/b<\/title>\n<meta name=\"description\" content=\"Ubicada en el barrio bilba\u00edno de Solokoetxe y centrada en la producci\u00f3n, la discusi\u00f3n, el intercambio de ideas y la materializaci\u00f3n de proyectos art\u00edsticos.\" \/>\n<meta name=\"robots\" content=\"index, follow, max-snippet:-1, max-image-preview:large, max-video-preview:-1\" \/>\n<link rel=\"canonical\" href=\"https:\/\/bulegoa.org\/eu\/lara-garcia-diaz-atalaseak-hezurmamitu\/\" \/>\n<meta property=\"og:locale\" content=\"eu_ES\" \/>\n<meta property=\"og:type\" content=\"article\" \/>\n<meta property=\"og:title\" content=\"LARA GARC\u00cdA D\u00cdAZ: ATALASEAK HEZURMAMITU - Bulegoa z\/b\" \/>\n<meta property=\"og:description\" content=\"Ubicada en el barrio bilba\u00edno de Solokoetxe y centrada en la producci\u00f3n, la discusi\u00f3n, el intercambio de ideas y la materializaci\u00f3n de proyectos art\u00edsticos.\" \/>\n<meta property=\"og:url\" content=\"https:\/\/bulegoa.org\/eu\/lara-garcia-diaz-atalaseak-hezurmamitu\/\" \/>\n<meta property=\"og:site_name\" content=\"Bulegoa z\/b\" \/>\n<meta property=\"article:publisher\" content=\"https:\/\/www.facebook.com\/bulegoazb\/\" \/>\n<meta property=\"article:published_time\" content=\"2021-01-31T23:14:06+00:00\" \/>\n<meta property=\"article:modified_time\" content=\"2021-02-05T17:29:16+00:00\" \/>\n<meta property=\"og:image\" content=\"https:\/\/bulegoa.org\/web\/wp-content\/uploads\/2021\/02\/Propagacio\u0301ndeunagrietaweb1.jpg\" \/>\n\t<meta property=\"og:image:width\" content=\"1350\" \/>\n\t<meta property=\"og:image:height\" content=\"900\" \/>\n\t<meta property=\"og:image:type\" content=\"image\/jpeg\" \/>\n<meta name=\"author\" content=\"Silvia\" \/>\n<meta name=\"twitter:card\" content=\"summary_large_image\" \/>\n<meta name=\"twitter:creator\" content=\"@bulegoazb\" \/>\n<meta name=\"twitter:site\" content=\"@bulegoazb\" \/>\n<script type=\"application\/ld+json\" class=\"yoast-schema-graph\">{\"@context\":\"https:\/\/schema.org\",\"@graph\":[{\"@type\":\"WebPage\",\"@id\":\"https:\/\/bulegoa.org\/eu\/lara-garcia-diaz-atalaseak-hezurmamitu\/\",\"url\":\"https:\/\/bulegoa.org\/eu\/lara-garcia-diaz-atalaseak-hezurmamitu\/\",\"name\":\"LARA GARC\u00cdA D\u00cdAZ: ATALASEAK HEZURMAMITU - Bulegoa z\/b\",\"isPartOf\":{\"@id\":\"https:\/\/bulegoa.org\/#website\"},\"datePublished\":\"2021-01-31T23:14:06+00:00\",\"dateModified\":\"2021-02-05T17:29:16+00:00\",\"author\":{\"@id\":\"https:\/\/bulegoa.org\/#\/schema\/person\/6afba3a427c7cf7ffe10082098b2e674\"},\"description\":\"Ubicada en el barrio bilba\u00edno de Solokoetxe y centrada en la producci\u00f3n, la discusi\u00f3n, el intercambio de ideas y la materializaci\u00f3n de proyectos art\u00edsticos.\",\"breadcrumb\":{\"@id\":\"https:\/\/bulegoa.org\/eu\/lara-garcia-diaz-atalaseak-hezurmamitu\/#breadcrumb\"},\"inLanguage\":\"eu-ES\",\"potentialAction\":[{\"@type\":\"ReadAction\",\"target\":[\"https:\/\/bulegoa.org\/eu\/lara-garcia-diaz-atalaseak-hezurmamitu\/\"]}]},{\"@type\":\"BreadcrumbList\",\"@id\":\"https:\/\/bulegoa.org\/eu\/lara-garcia-diaz-atalaseak-hezurmamitu\/#breadcrumb\",\"itemListElement\":[{\"@type\":\"ListItem\",\"position\":1,\"name\":\"Home\",\"item\":\"https:\/\/bulegoa.org\/eu\/\"},{\"@type\":\"ListItem\",\"position\":2,\"name\":\"LARA GARC\u00cdA D\u00cdAZ: ATALASEAK HEZURMAMITU\"}]},{\"@type\":\"WebSite\",\"@id\":\"https:\/\/bulegoa.org\/#website\",\"url\":\"https:\/\/bulegoa.org\/\",\"name\":\"Bulegoa z\/b\",\"description\":\"\",\"potentialAction\":[{\"@type\":\"SearchAction\",\"target\":{\"@type\":\"EntryPoint\",\"urlTemplate\":\"https:\/\/bulegoa.org\/?s={search_term_string}\"},\"query-input\":\"required name=search_term_string\"}],\"inLanguage\":\"eu-ES\"},{\"@type\":\"Person\",\"@id\":\"https:\/\/bulegoa.org\/#\/schema\/person\/6afba3a427c7cf7ffe10082098b2e674\",\"name\":\"Silvia\"}]}<\/script>\n<!-- \/ Yoast SEO plugin. -->","yoast_head_json":{"title":"LARA GARC\u00cdA D\u00cdAZ: ATALASEAK HEZURMAMITU - Bulegoa z\/b","description":"Ubicada en el barrio bilba\u00edno de Solokoetxe y centrada en la producci\u00f3n, la discusi\u00f3n, el intercambio de ideas y la materializaci\u00f3n de proyectos art\u00edsticos.","robots":{"index":"index","follow":"follow","max-snippet":"max-snippet:-1","max-image-preview":"max-image-preview:large","max-video-preview":"max-video-preview:-1"},"canonical":"https:\/\/bulegoa.org\/eu\/lara-garcia-diaz-atalaseak-hezurmamitu\/","og_locale":"eu_ES","og_type":"article","og_title":"LARA GARC\u00cdA D\u00cdAZ: ATALASEAK HEZURMAMITU - Bulegoa z\/b","og_description":"Ubicada en el barrio bilba\u00edno de Solokoetxe y centrada en la producci\u00f3n, la discusi\u00f3n, el intercambio de ideas y la materializaci\u00f3n de proyectos art\u00edsticos.","og_url":"https:\/\/bulegoa.org\/eu\/lara-garcia-diaz-atalaseak-hezurmamitu\/","og_site_name":"Bulegoa z\/b","article_publisher":"https:\/\/www.facebook.com\/bulegoazb\/","article_published_time":"2021-01-31T23:14:06+00:00","article_modified_time":"2021-02-05T17:29:16+00:00","og_image":[{"width":1350,"height":900,"url":"https:\/\/bulegoa.org\/web\/wp-content\/uploads\/2021\/02\/Propagacio\u0301ndeunagrietaweb1.jpg","type":"image\/jpeg"}],"author":"Silvia","twitter_card":"summary_large_image","twitter_creator":"@bulegoazb","twitter_site":"@bulegoazb","schema":{"@context":"https:\/\/schema.org","@graph":[{"@type":"WebPage","@id":"https:\/\/bulegoa.org\/eu\/lara-garcia-diaz-atalaseak-hezurmamitu\/","url":"https:\/\/bulegoa.org\/eu\/lara-garcia-diaz-atalaseak-hezurmamitu\/","name":"LARA GARC\u00cdA D\u00cdAZ: ATALASEAK HEZURMAMITU - Bulegoa z\/b","isPartOf":{"@id":"https:\/\/bulegoa.org\/#website"},"datePublished":"2021-01-31T23:14:06+00:00","dateModified":"2021-02-05T17:29:16+00:00","author":{"@id":"https:\/\/bulegoa.org\/#\/schema\/person\/6afba3a427c7cf7ffe10082098b2e674"},"description":"Ubicada en el barrio bilba\u00edno de Solokoetxe y centrada en la producci\u00f3n, la discusi\u00f3n, el intercambio de ideas y la materializaci\u00f3n de proyectos art\u00edsticos.","breadcrumb":{"@id":"https:\/\/bulegoa.org\/eu\/lara-garcia-diaz-atalaseak-hezurmamitu\/#breadcrumb"},"inLanguage":"eu-ES","potentialAction":[{"@type":"ReadAction","target":["https:\/\/bulegoa.org\/eu\/lara-garcia-diaz-atalaseak-hezurmamitu\/"]}]},{"@type":"BreadcrumbList","@id":"https:\/\/bulegoa.org\/eu\/lara-garcia-diaz-atalaseak-hezurmamitu\/#breadcrumb","itemListElement":[{"@type":"ListItem","position":1,"name":"Home","item":"https:\/\/bulegoa.org\/eu\/"},{"@type":"ListItem","position":2,"name":"LARA GARC\u00cdA D\u00cdAZ: ATALASEAK HEZURMAMITU"}]},{"@type":"WebSite","@id":"https:\/\/bulegoa.org\/#website","url":"https:\/\/bulegoa.org\/","name":"Bulegoa z\/b","description":"","potentialAction":[{"@type":"SearchAction","target":{"@type":"EntryPoint","urlTemplate":"https:\/\/bulegoa.org\/?s={search_term_string}"},"query-input":"required name=search_term_string"}],"inLanguage":"eu-ES"},{"@type":"Person","@id":"https:\/\/bulegoa.org\/#\/schema\/person\/6afba3a427c7cf7ffe10082098b2e674","name":"Silvia"}]}},"_links":{"self":[{"href":"https:\/\/bulegoa.org\/eu\/wp-json\/wp\/v2\/posts\/15011"}],"collection":[{"href":"https:\/\/bulegoa.org\/eu\/wp-json\/wp\/v2\/posts"}],"about":[{"href":"https:\/\/bulegoa.org\/eu\/wp-json\/wp\/v2\/types\/post"}],"author":[{"embeddable":true,"href":"https:\/\/bulegoa.org\/eu\/wp-json\/wp\/v2\/users\/6"}],"replies":[{"embeddable":true,"href":"https:\/\/bulegoa.org\/eu\/wp-json\/wp\/v2\/comments?post=15011"}],"version-history":[{"count":2,"href":"https:\/\/bulegoa.org\/eu\/wp-json\/wp\/v2\/posts\/15011\/revisions"}],"predecessor-version":[{"id":15114,"href":"https:\/\/bulegoa.org\/eu\/wp-json\/wp\/v2\/posts\/15011\/revisions\/15114"}],"wp:featuredmedia":[{"embeddable":true,"href":"https:\/\/bulegoa.org\/eu\/wp-json\/wp\/v2\/media\/15008"}],"wp:attachment":[{"href":"https:\/\/bulegoa.org\/eu\/wp-json\/wp\/v2\/media?parent=15011"}],"wp:term":[{"taxonomy":"category","embeddable":true,"href":"https:\/\/bulegoa.org\/eu\/wp-json\/wp\/v2\/categories?post=15011"},{"taxonomy":"post_tag","embeddable":true,"href":"https:\/\/bulegoa.org\/eu\/wp-json\/wp\/v2\/tags?post=15011"}],"curies":[{"name":"wp","href":"https:\/\/api.w.org\/{rel}","templated":true}]}}