{"id":21334,"date":"2024-06-10T15:31:14","date_gmt":"2024-06-10T13:31:14","guid":{"rendered":"https:\/\/bulegoa.org\/?p=21334"},"modified":"2024-06-12T17:34:50","modified_gmt":"2024-06-12T15:34:50","slug":"interlaced-present-day-traces-of-the-colonial-centuries","status":"publish","type":"post","link":"https:\/\/bulegoa.org\/en\/interlaced-present-day-traces-of-the-colonial-centuries\/","title":{"rendered":"INTERLACED. PRESENT-DAY TRACES OF THE COLONIAL CENTURIES"},"content":{"rendered":"<p><b>Friday, 21\/06\/2024. From 10:00 am to 7:30 pm.<br \/>\n<\/b><i><span style=\"font-weight: 400;\">Interlaced. Present-day traces of the colonial centuries <\/span><\/i><span style=\"font-weight: 400;\">is an excursion to Nabarniz and a public program. With Hinrich Sachs, Ana Mar\u00eda Benito Dom\u00ednguez, \u00d3scar \u00c1lvarez Gila and Mariem Iman and Ane Berganza.<\/span><\/p>\n<p><b>PLACE<br \/>\n<\/b><span style=\"font-weight: 400;\">Front\u00f3n municipal Eleizondo de Nabarniz<br \/>\n<\/span><span style=\"font-weight: 400;\">Barrio Elexalde s\/n<br \/>\n<\/span><span style=\"font-weight: 400;\">48312-Nabarniz<\/span><\/p>\n<p><b>COACH DEPARTURE AND RETURN TIMES<br \/>\n<\/b><span style=\"font-weight: 400;\">10:00 am: Coach departs from the Basilica of Nuestra Se\u00f1ora de Bego\u00f1a, Bilbao.<br \/>\n<\/span><span style=\"font-weight: 400;\">6:30 pm: Coach leaves from Nabarniz.<\/span><\/p>\n<p><b>PROGRAM<br \/>\n<\/b><span style=\"font-weight: 400;\">11:00 am -11:15 am: Arrival and presentation<br \/>\n<\/span><span style=\"font-weight: 400;\">11:15 am -12:00 pm: Hinrich Sachs: <\/span><i><span style=\"font-weight: 400;\">Recognize relationships<br \/>\n<\/span><\/i><span style=\"font-weight: 400;\">12:00 pm &#8211; 12:50 pm: Ana Mar\u00eda Benito Dom\u00ednguez:<\/span> <span style=\"font-weight: 400;\">navigation related to the slave trade in the Basque Country. The ship on the seabed at Iturritxiki<br \/>\n<\/span><span style=\"font-weight: 400;\">12:50 pm &#8211; 1:30 pm: \u00d3scar \u00c1lvarez Gila: <\/span><i><span style=\"font-weight: 400;\">The disputed memory of slavery in the Basque Country<br \/>\n<\/span><\/i><span style=\"font-weight: 400;\">1:30 pm &#8211; 2:00 pm: conversation<br \/>\n<\/span><span style=\"font-weight: 400;\">2:30 pm &#8211; 4:00 pm: Lunch in Nabarniz jatetxea<br \/>\n<\/span><span style=\"font-weight: 400;\">5:00 pm: Mariem Iman and Ane Berganza: <\/span><i><span style=\"font-weight: 400;\">B2B<\/span><\/i><\/p>\n<p><i><span style=\"font-weight: 400;\">Interlaced<\/span><\/i><span style=\"font-weight: 400;\"> forms part of the activities of <\/span><i><span style=\"font-weight: 400;\">Eskuz idatziak, ahoz josiak<\/span><\/i><span style=\"font-weight: 400;\">, a work group whose final aim is to write, imagine and realize an opera.<\/span><\/p>\n<p><i><span style=\"font-weight: 400;\">Eskuz idatziak, ahoz josiak<\/span><\/i><span style=\"font-weight: 400;\"> is the 2024-2025 edition of <\/span><a href=\"about:blank\"><i><span style=\"font-weight: 400;\">Space is the Place\/The Place is Space<\/span><\/i><\/a><span style=\"font-weight: 400;\">. The name of this Bulegoa z\/b program, which started in 2018, paraphrases the title of the 1974 Afrofuturist film by Sun Ra. It seeks to think <\/span><i><span style=\"font-weight: 400;\">in situ<\/span><\/i><span style=\"font-weight: 400;\">, in the space and with the place.<\/span><\/p>\n<p><b>The number of places is limited. To sign up for the coach trip and the lunch, write to bulegoa@bulegoa.org<\/b><\/p>\n<p><b>INTERLACED. PRESENT-DAY TRACES OF THE COLONIAL CENTURIES<br \/>\n<\/b><span style=\"font-weight: 400;\">Based on findings in contexts as diverse as research in textiles, underwater archaeology, history and visual arts in the Basque Country, we are holding a transdisciplinary day of reflection. The focus of attention are the recently discovered traces of the colonial project and their contemporary interpretations, which will be shared and discussed in several places and along the way. After starting the day with a visit to the Basilica of Nuestra Se\u00f1ora de Bego\u00f1a in Bilbao, the speakers and participants will travel by coach to Nabarniz, inland from the coast. Over the course of the day we will be exploring the connections between these places and their insertion in the dynamic of the colonial project, addressing both the official narratives and emphasizing what has been erased from history.<\/span><\/p>\n<p><b>HINRICH SACHS: RECOGNIZE RELATIONSHIPS<br \/>\n<\/b><span style=\"font-weight: 400;\">In his contribution, Hinrich Sachs will start by presenting some visual findings from the research phase for his project <\/span><i><span style=\"font-weight: 400;\">There\u2019s no such thing as a free lunch<\/span><\/i> <span style=\"font-weight: 400;\">at San Telmo Museoa and beyond: surprisingly local, national, historical, as well as very contemporary examples. Building on this, he will attempt to interpret this series of different representations, that initially seem incoherent, within the framework of a collective, so-called \u201cnautical imaginary\u201d, that reflects its relationship to seafaring as the central technology and tool of the exploitative colonial centuries from 1500 to 1900.<\/span><\/p>\n<p><b>ANA MAR\u00cdA BENITO DOM\u00cdNGUEZ: NAVIGATION RELATED TO THE SLAVE TRADE IN THE BASQUE COUNTRY. THE SHIP ON THE SEABED AT ITURRITXIKI<br \/>\n<\/b><span style=\"font-weight: 400;\">The sunken wreck of a Flemish cargo ship in the bay of Getaria is the oldest testimony of navigation related to the slave trade in the Basque Country. Around 1520 a ship had set sail, probably from Antwerp, chartered by Portuguese merchants and carrying merchandise from central Europe: copper ingots and pots, haberdashery articles and, principally, bracelets [<\/span><i><span style=\"font-weight: 400;\">manillas<\/span><\/i><span style=\"font-weight: 400;\">] (pre-monetary tokens used in Africa). It was en route, via Lisbon, to the Gulf of Guinea to purchase slaves \u2013 people transported in inhuman conditions to Europe and, massively, to America with the Spanish intervention, completing the triangular route of the slave trade (Europe-Africa-America).<\/span><\/p>\n<p><b>\u00d3SCAR \u00c1LVAREZ GILA: THE DISPUTED MEMORY OF SLAVERY IN THE BASQUE COUNTRY<br \/>\n<\/b><span style=\"font-weight: 400;\">For over two centuries, history and memory in the Basque Country have agreed on one thing: the Basques never accepted slavery and, in fact, this was the only place in the West, not to say the World, \u201cfree of this scourge\u201d. Several myths were generated around this idea: that slavery had been prohibited in the Basque Country, that the Basques refused to become involved in the slave trade, and that Basque participation in slavery, always marginal, was limited to the profits of tiny elite. Recent investigations have dismantled all these myths.<\/span><\/p>\n<p><b>MARIEM IMAN AND ANE BERGANZA: B2B<br \/>\n<\/b><span style=\"font-weight: 400;\">\u2026\u2026\u2026\u2026\u2026\u2026\u2026\u2026\u2026\u2026\u2026.\u2026NOW LILLY ALLEN GOES INTO A RECORD SHOP AND IS. LOOK ING FOR SOMETHING SHE\u2019S W EARING A RED DR ESS DOWN TO HER FEET SOME GOLDEN EARRINGS SHE SAYS: HI\u2026 I WAS WONDERING IF YOU HAVE ANY ELECTRONICCC PUNK KIND OF RHYTHM KIND OF NEW WAVE RHYTHM SOMETHING LIJKE. BROKJEN BEATSSS BUT DOUBLE BROKENM BEATS LIKE SOULFULLL NO KIND DRUM AND BASSY BUT BROKEN DRUM AND BASS OR LIKE BROKEN VREAK BEATSSS,,, KNOW WHAT I MEAN???? (THE TELEHPONE RINGS: HELLOOO???? GIIIII SHE IS INVITED TO A PARTYY RIGHT NOW SHE GOES TO A A PARTY::::::::<\/span><\/p>\n<p><b>BIOGRAPHIES<\/b><\/p>\n<p><b>Hinrich Sachs<\/b><span style=\"font-weight: 400;\"> (1962) is a visual artist and writer, based in Basel, Switzerland, working in an itinerant fashion. Sachs works in a cross-cultural fashion, investigating image and language regimes of the societal present in a transdisciplinary manner, and in equivalent artistic formats of going public: exhibition, event, and publication.\u200b\u200b His work has been shown internationally, at institutions such as Le Plateau (Paris); Mus\u00e9e d\u2019art Moderne et Contemporain (Geneva); Museum Ludwig (Cologne); Moderna Museet, (Stockholm); Proyecto AMIL (Lima), Contemporary Art Center (Vilnius), and the Taipei Museum of Fine Arts.<\/span><\/p>\n<p><b>Ana Mar\u00eda Benito Dom\u00ednguez<\/b><span style=\"font-weight: 400;\">. Graduate in History and Anthropology (Deusto University and University of the Basque Country &#8211; UPV\/EHU). She began working on Roman archaeology at Oiasso with the Aranzadi Sciences Society. She directed the underwater excavation of the slave ship on the seabed at <\/span><i><span style=\"font-weight: 400;\">Iturritxiki<\/span><\/i><span style=\"font-weight: 400;\"> (Getaria). She has coordinated historical studies on the Basque ports, authoring those on Getaria and Hondarribia. Recently, she has organised exhibitions popularising maritime questions (on underwater patrimony, shipwrecks, diving, lighthouses\u2026) in: Itsas Museoa (Donostia-San Sebasti\u00e1n), Arrantzaleen Museoa (Bermeo), Atlantikaldia (Renter\u00eda), Museo Plasentia de Butr\u00f3n (Plentzia), Castro Urdiales, amongst others. She has published <\/span><i><span style=\"font-weight: 400;\">Naufragios en la Costa Vasca: 1916-1976 (Shipwrecks on the Basque coast: 1916-1976)<\/span><\/i><span style=\"font-weight: 400;\">, <\/span><i><span style=\"font-weight: 400;\">Getariako Naufragioak<\/span><\/i><span style=\"font-weight: 400;\"> and <\/span><i><span style=\"font-weight: 400;\">Iturritxiki<\/span><\/i><span style=\"font-weight: 400;\">.<\/span><\/p>\n<p><b>\u00d3scar \u00c1lvarez Gila<\/b><span style=\"font-weight: 400;\"> is a lecturer in the History of America at the University of the Basque Country. He has been Visiting Fellow at the European Studies Centre at the University of Oxford, W. Douglass Distinguished Visiting Scholar at the University of Nevada-Reno, Elena D\u00edaz-Verson Amos Eminent Scholar at Columbus State University, and Magnus M\u00f6rner Memorial Professor at the University of Stockholm. His field of research is centred on the study of international migrations, the culture and the construction of identities in diaspora communities, the elaboration of images of immigrants through cinema and television, and forced migrations.<\/span><\/p>\n<p><b>Mariem Iman<\/b><span style=\"font-weight: 400;\"> is an artist from Huelva currently based in Bilbao. She was trained in social and cultural anthropology. She has studied inquisitional archives on amorous witchcraft in the Spanish context in the Modern Age and has carried out ethnographic work on amorous magic in Cuba. In her first one-person show, <\/span><i><span style=\"font-weight: 400;\">Conversando con Juana Mar\u00eda Mulata<\/span><\/i><span style=\"font-weight: 400;\">, she brought these investigations together, combining pictorial installation with archive work. Currently, in her practice she is approaching the processes of divergence that occur during copying, transcribing or translating, as spaces of plastic exploration through drawing, writing, ceramics, engraving, textile work or performance.<\/span><\/p>\n<p><b>Ane Berganza<\/b> <span style=\"font-weight: 400;\">(<\/span><span style=\"font-weight: 400;\">Bilbao<\/span><span style=\"font-weight: 400;\">, 1999)\u00a0holds a degree in Fine Arts from the University of the Basque Country <\/span><span style=\"font-weight: 400;\">UPV\/EHU (2021) and is studying for the\u00a0Master in Investigation and Creation in Art at the same university. She completed her studies in Expanded Media at the Athens School of Fine Arts. She works in the field of performance, with sound and audio-visual language forming the central axes of her practice. She has carried out stays at different national institutions like Tabakalera (Donostia-San Sebasti\u00e1n), Centro Matadero (Madrid) or Azkuna Zentroa (Bilbao) with the Babestu grant. She held a one-person show at the Centro Cultural Montehermoso (Vitoria-Gasteiz) and has taken part in group shows in other institutions and spaces. In parallel, she has developed her own performative practice, which has been accompanied by the creation of the Her\u00e9tica(s) collective.<\/span><\/p>\n<p>&nbsp;<\/p>\n<p><img loading=\"lazy\" class=\"alignnone wp-image-21223\" src=\"http:\/\/bulegoa.org\/web\/wp-content\/uploads\/2024\/05\/logo-gov-dep-cultura-y-pol-lingu.png\" alt=\"\" width=\"190\" height=\"90\" srcset=\"https:\/\/bulegoa.org\/web\/wp-content\/uploads\/2024\/05\/logo-gov-dep-cultura-y-pol-lingu.png 633w, https:\/\/bulegoa.org\/web\/wp-content\/uploads\/2024\/05\/logo-gov-dep-cultura-y-pol-lingu-400x190.png 400w\" sizes=\"(max-width: 190px) 100vw, 190px\" \/><\/p>\n","protected":false},"excerpt":{"rendered":"<p>Friday, 21\/06\/2024. From 10:00 am to 7:30 pm. Interlaced. Present-day traces of the colonial centuries is an excursion to Nabarniz and a public program. With Hinrich Sachs, Ana Mar\u00eda Benito Dom\u00ednguez, \u00d3scar \u00c1lvarez Gila and Mariem Iman and Ane Berganza. PLACE Front\u00f3n municipal Eleizondo de Nabarniz Barrio Elexalde s\/n 48312-Nabarniz COACH DEPARTURE AND RETURN TIMES [&hellip;]<\/p>\n","protected":false},"author":6,"featured_media":21292,"comment_status":"closed","ping_status":"closed","sticky":false,"template":"","format":"standard","meta":[],"categories":[212],"tags":[],"acf":[],"yoast_head":"<!-- This site is optimized with the Yoast SEO plugin v20.4 - https:\/\/yoast.com\/wordpress\/plugins\/seo\/ -->\n<title>INTERLACED. PRESENT-DAY TRACES OF THE COLONIAL CENTURIES - Bulegoa<\/title>\n<meta name=\"description\" content=\"Ubicada en el barrio bilba\u00edno de Solokoetxe y centrada en la producci\u00f3n, la discusi\u00f3n, el intercambio de ideas y la materializaci\u00f3n de proyectos art\u00edsticos.\" \/>\n<meta name=\"robots\" content=\"index, follow, max-snippet:-1, max-image-preview:large, max-video-preview:-1\" \/>\n<link rel=\"canonical\" href=\"https:\/\/bulegoa.org\/en\/interlaced-present-day-traces-of-the-colonial-centuries\/\" \/>\n<meta property=\"og:locale\" content=\"en_US\" \/>\n<meta property=\"og:type\" content=\"article\" \/>\n<meta property=\"og:title\" content=\"INTERLACED. PRESENT-DAY TRACES OF THE COLONIAL CENTURIES - Bulegoa\" \/>\n<meta property=\"og:description\" content=\"Ubicada en el barrio bilba\u00edno de Solokoetxe y centrada en la producci\u00f3n, la discusi\u00f3n, el intercambio de ideas y la materializaci\u00f3n de proyectos art\u00edsticos.\" \/>\n<meta property=\"og:url\" content=\"https:\/\/bulegoa.org\/en\/interlaced-present-day-traces-of-the-colonial-centuries\/\" \/>\n<meta property=\"og:site_name\" content=\"Bulegoa\" \/>\n<meta property=\"article:publisher\" content=\"https:\/\/www.facebook.com\/bulegoazb\/\" \/>\n<meta property=\"article:published_time\" content=\"2024-06-10T13:31:14+00:00\" \/>\n<meta property=\"article:modified_time\" content=\"2024-06-12T15:34:50+00:00\" \/>\n<meta property=\"og:image\" content=\"http:\/\/bulegoa.org\/web\/wp-content\/uploads\/2024\/06\/1_MANILLAS_P1010148.jpg\" \/>\n\t<meta property=\"og:image:width\" content=\"2288\" \/>\n\t<meta property=\"og:image:height\" content=\"1712\" \/>\n\t<meta property=\"og:image:type\" content=\"image\/jpeg\" \/>\n<meta name=\"author\" content=\"Silvia\" \/>\n<meta name=\"twitter:card\" content=\"summary_large_image\" \/>\n<meta name=\"twitter:creator\" content=\"@bulegoazb\" \/>\n<meta name=\"twitter:site\" content=\"@bulegoazb\" \/>\n<script type=\"application\/ld+json\" class=\"yoast-schema-graph\">{\"@context\":\"https:\/\/schema.org\",\"@graph\":[{\"@type\":\"WebPage\",\"@id\":\"https:\/\/bulegoa.org\/en\/interlaced-present-day-traces-of-the-colonial-centuries\/\",\"url\":\"https:\/\/bulegoa.org\/en\/interlaced-present-day-traces-of-the-colonial-centuries\/\",\"name\":\"INTERLACED. PRESENT-DAY TRACES OF THE COLONIAL CENTURIES - Bulegoa\",\"isPartOf\":{\"@id\":\"https:\/\/bulegoa.org\/#website\"},\"datePublished\":\"2024-06-10T13:31:14+00:00\",\"dateModified\":\"2024-06-12T15:34:50+00:00\",\"author\":{\"@id\":\"https:\/\/bulegoa.org\/#\/schema\/person\/6afba3a427c7cf7ffe10082098b2e674\"},\"description\":\"Ubicada en el barrio bilba\u00edno de Solokoetxe y centrada en la producci\u00f3n, la discusi\u00f3n, el intercambio de ideas y la materializaci\u00f3n de proyectos art\u00edsticos.\",\"breadcrumb\":{\"@id\":\"https:\/\/bulegoa.org\/en\/interlaced-present-day-traces-of-the-colonial-centuries\/#breadcrumb\"},\"inLanguage\":\"en-US\",\"potentialAction\":[{\"@type\":\"ReadAction\",\"target\":[\"https:\/\/bulegoa.org\/en\/interlaced-present-day-traces-of-the-colonial-centuries\/\"]}]},{\"@type\":\"BreadcrumbList\",\"@id\":\"https:\/\/bulegoa.org\/en\/interlaced-present-day-traces-of-the-colonial-centuries\/#breadcrumb\",\"itemListElement\":[{\"@type\":\"ListItem\",\"position\":1,\"name\":\"Home\",\"item\":\"https:\/\/bulegoa.org\/en\/\"},{\"@type\":\"ListItem\",\"position\":2,\"name\":\"INTERLACED. PRESENT-DAY TRACES OF THE COLONIAL CENTURIES\"}]},{\"@type\":\"WebSite\",\"@id\":\"https:\/\/bulegoa.org\/#website\",\"url\":\"https:\/\/bulegoa.org\/\",\"name\":\"Bulegoa\",\"description\":\"\",\"potentialAction\":[{\"@type\":\"SearchAction\",\"target\":{\"@type\":\"EntryPoint\",\"urlTemplate\":\"https:\/\/bulegoa.org\/?s={search_term_string}\"},\"query-input\":\"required name=search_term_string\"}],\"inLanguage\":\"en-US\"},{\"@type\":\"Person\",\"@id\":\"https:\/\/bulegoa.org\/#\/schema\/person\/6afba3a427c7cf7ffe10082098b2e674\",\"name\":\"Silvia\"}]}<\/script>\n<!-- \/ Yoast SEO plugin. -->","yoast_head_json":{"title":"INTERLACED. PRESENT-DAY TRACES OF THE COLONIAL CENTURIES - Bulegoa","description":"Ubicada en el barrio bilba\u00edno de Solokoetxe y centrada en la producci\u00f3n, la discusi\u00f3n, el intercambio de ideas y la materializaci\u00f3n de proyectos art\u00edsticos.","robots":{"index":"index","follow":"follow","max-snippet":"max-snippet:-1","max-image-preview":"max-image-preview:large","max-video-preview":"max-video-preview:-1"},"canonical":"https:\/\/bulegoa.org\/en\/interlaced-present-day-traces-of-the-colonial-centuries\/","og_locale":"en_US","og_type":"article","og_title":"INTERLACED. PRESENT-DAY TRACES OF THE COLONIAL CENTURIES - Bulegoa","og_description":"Ubicada en el barrio bilba\u00edno de Solokoetxe y centrada en la producci\u00f3n, la discusi\u00f3n, el intercambio de ideas y la materializaci\u00f3n de proyectos art\u00edsticos.","og_url":"https:\/\/bulegoa.org\/en\/interlaced-present-day-traces-of-the-colonial-centuries\/","og_site_name":"Bulegoa","article_publisher":"https:\/\/www.facebook.com\/bulegoazb\/","article_published_time":"2024-06-10T13:31:14+00:00","article_modified_time":"2024-06-12T15:34:50+00:00","og_image":[{"width":2288,"height":1712,"url":"http:\/\/bulegoa.org\/web\/wp-content\/uploads\/2024\/06\/1_MANILLAS_P1010148.jpg","type":"image\/jpeg"}],"author":"Silvia","twitter_card":"summary_large_image","twitter_creator":"@bulegoazb","twitter_site":"@bulegoazb","schema":{"@context":"https:\/\/schema.org","@graph":[{"@type":"WebPage","@id":"https:\/\/bulegoa.org\/en\/interlaced-present-day-traces-of-the-colonial-centuries\/","url":"https:\/\/bulegoa.org\/en\/interlaced-present-day-traces-of-the-colonial-centuries\/","name":"INTERLACED. PRESENT-DAY TRACES OF THE COLONIAL CENTURIES - Bulegoa","isPartOf":{"@id":"https:\/\/bulegoa.org\/#website"},"datePublished":"2024-06-10T13:31:14+00:00","dateModified":"2024-06-12T15:34:50+00:00","author":{"@id":"https:\/\/bulegoa.org\/#\/schema\/person\/6afba3a427c7cf7ffe10082098b2e674"},"description":"Ubicada en el barrio bilba\u00edno de Solokoetxe y centrada en la producci\u00f3n, la discusi\u00f3n, el intercambio de ideas y la materializaci\u00f3n de proyectos art\u00edsticos.","breadcrumb":{"@id":"https:\/\/bulegoa.org\/en\/interlaced-present-day-traces-of-the-colonial-centuries\/#breadcrumb"},"inLanguage":"en-US","potentialAction":[{"@type":"ReadAction","target":["https:\/\/bulegoa.org\/en\/interlaced-present-day-traces-of-the-colonial-centuries\/"]}]},{"@type":"BreadcrumbList","@id":"https:\/\/bulegoa.org\/en\/interlaced-present-day-traces-of-the-colonial-centuries\/#breadcrumb","itemListElement":[{"@type":"ListItem","position":1,"name":"Home","item":"https:\/\/bulegoa.org\/en\/"},{"@type":"ListItem","position":2,"name":"INTERLACED. PRESENT-DAY TRACES OF THE COLONIAL CENTURIES"}]},{"@type":"WebSite","@id":"https:\/\/bulegoa.org\/#website","url":"https:\/\/bulegoa.org\/","name":"Bulegoa","description":"","potentialAction":[{"@type":"SearchAction","target":{"@type":"EntryPoint","urlTemplate":"https:\/\/bulegoa.org\/?s={search_term_string}"},"query-input":"required name=search_term_string"}],"inLanguage":"en-US"},{"@type":"Person","@id":"https:\/\/bulegoa.org\/#\/schema\/person\/6afba3a427c7cf7ffe10082098b2e674","name":"Silvia"}]}},"_links":{"self":[{"href":"https:\/\/bulegoa.org\/en\/wp-json\/wp\/v2\/posts\/21334"}],"collection":[{"href":"https:\/\/bulegoa.org\/en\/wp-json\/wp\/v2\/posts"}],"about":[{"href":"https:\/\/bulegoa.org\/en\/wp-json\/wp\/v2\/types\/post"}],"author":[{"embeddable":true,"href":"https:\/\/bulegoa.org\/en\/wp-json\/wp\/v2\/users\/6"}],"replies":[{"embeddable":true,"href":"https:\/\/bulegoa.org\/en\/wp-json\/wp\/v2\/comments?post=21334"}],"version-history":[{"count":2,"href":"https:\/\/bulegoa.org\/en\/wp-json\/wp\/v2\/posts\/21334\/revisions"}],"predecessor-version":[{"id":21336,"href":"https:\/\/bulegoa.org\/en\/wp-json\/wp\/v2\/posts\/21334\/revisions\/21336"}],"wp:featuredmedia":[{"embeddable":true,"href":"https:\/\/bulegoa.org\/en\/wp-json\/wp\/v2\/media\/21292"}],"wp:attachment":[{"href":"https:\/\/bulegoa.org\/en\/wp-json\/wp\/v2\/media?parent=21334"}],"wp:term":[{"taxonomy":"category","embeddable":true,"href":"https:\/\/bulegoa.org\/en\/wp-json\/wp\/v2\/categories?post=21334"},{"taxonomy":"post_tag","embeddable":true,"href":"https:\/\/bulegoa.org\/en\/wp-json\/wp\/v2\/tags?post=21334"}],"curies":[{"name":"wp","href":"https:\/\/api.w.org\/{rel}","templated":true}]}}