{"id":14113,"date":"2020-11-03T15:30:54","date_gmt":"2020-11-03T14:30:54","guid":{"rendered":"https:\/\/bulegoa.org\/?p=14113"},"modified":"2021-06-23T23:34:41","modified_gmt":"2021-06-23T21:34:41","slug":"illegal_cinema-session-89-10th-anniversary-double-programme","status":"publish","type":"post","link":"https:\/\/bulegoa.org\/en\/illegal_cinema-session-89-10th-anniversary-double-programme\/","title":{"rendered":"ILLEGAL_CINEMA, SESSION 89: 10TH ANNIVERSARY + DOUBLE PROGRAMME"},"content":{"rendered":"<p><b>Sunday 15 November 2020, 19:00: <\/b><b><i>Yugoslavia. How Ideology Moved Our Collective Body<\/i><\/b><b> (2013). Screening and conversation with Marta Popivoda at Bilbao Fine Arts Museum.<\/b><\/p>\n<p>We would like to commemorate the tenth anniversary of Bulegoa z\/b with a double programme dedicated to Illegal_Cinema, in collaboration with <a href=\"http:\/\/zinebi.eus\/web\/en\/zinebi62\/programacion-1\/\">ZINEBI<\/a>: a special session of Cine_ilegal, No. 89, at Bulegoa at z\/b, proposed by all the coordinators, past and present, of the sessions in Bilbao; and secondly, a screening at the Bilbao Fine Arts Museum of <a href=\"http:\/\/zinebi.eus\/web\/en\/films\/cine-ilegal-yugoslavia\/\"><i>Yugoslavia. How Ideology Moved Our Collective Body<\/i><\/a> (2013) by Marta Popivoda, the initiator of Illegal_Cinema. This will be followed by a conversation between the filmmaker and Isabel de Naver\u00e1n.<\/p>\n<p><b>PROGRAMME<br \/>\n<\/b><b>Sunday 15 November 2020, <\/b><b>19:00<br \/>\n<\/b><i>Yugoslavia. How Ideology Moved Our Collective Body<\/i> (2013)<br \/>\nScreening and conversation with Marta Popivoda<br \/>\nVenue: Auditorium, Bilbao Fine Arts Museum<br \/>\nTicket: 3,50\u20ac<\/p>\n<p><b>Monday 16 November 2020, 17:00<br \/>\n<\/b><i>Yugoslavia. How Ideology Moved Our Collective Body<\/i> (2013)<br \/>\nVenue: Auditorium, Bilbao Fine Arts Museum<br \/>\nTicket: 3,50\u20ac<\/p>\n<p><b>Thursday, 19 November 2020, <\/b><b>18:00<br \/>\n<\/b>Illegal_Cinema, Session 89<br \/>\nSpecial session proposed by the six coordinators of Illegal_Cinema<br \/>\nVenue: Bulegoa z\/b<br \/>\n<b><span lang=\"EN-GB\">Limited capacity<br \/>\n<\/span><\/b><b><\/b><b><span lang=\"EN-GB\">To take part in the session, contact <a href=\"mailto:bulegoa@bulegoa.org\" target=\"_blank\" rel=\"noopener noreferrer\">bulegoa@bulegoa.org<\/a><\/span><\/b><\/p>\n<p><b>ABOUT CINE_ILEGAL<br \/>\n<\/b>Soon after the opening of our first office in December 2010, we invited Marta Popivoda and Ana Vujanovi\u0107 to speak about <a href=\"https:\/\/bulegoa.org\/en\/deschooling-classroom-oo-self-education-in-the-arts-and-culture-ana-vujanovic\/\">Walking Theory<\/a>\u2013TkH [Teorija koja Hoda], an independent, extra-academic platform based in Belgrade and made up of theoreticians and artists working with performance, theatre, visual arts and film. The platform was set up in 2000 following the wars in what was then Yugoslavia, and we saw affinities between TkH and what we were hoping to do at Bulegoa z\/b, which was to build bridges between the practice of art and theoretical reflection.<\/p>\n<p>On their first visit to Bulegoa z\/b, Popivoda presented <a href=\"https:\/\/bulegoa.org\/en\/illegal_cinema-marta-popivoda\/\">Illegal_Cinema<\/a>, a programme set up by her in Belgrad in 2007, which since then has travelled to other cities; Zagreb and Istanbul held special editions of the event in 2008\u20132009, and regular screenings have been held at Les Laboratoires d\u2019Aubervilliers, Paris since 2010. In December that year sessions began in Bilbao, which is the only city where they still run.<\/p>\n<p>Over the ten years of our existence, Cine_Ilegal has made its contribution to how we work here. But what is it? In the words of the coordinators of our sessions:<\/p>\n<blockquote><p>\u201cCine_Ilegal works simply. Someone proposes a film. This can be any kind of audiovisual document except for the person&#8217;s own work (\u2026). We get together. There&#8217;s a presentation and then we watch what they have proposed as we should. At the end of the screening, we have enthusiastic conversations about it.\u201d (Pablo Marte, September 2018 \u2013 now)<\/p>\n<p>\u201cIt&#8217;s an open, (self-)educational project for exchanging and contextualising something whose nature we are unsure of: illegal cinema.\u201d (Jorge N\u00fa\u00f1ez, March 2011 \u2013 February 2012)<\/p>\n<p>\u201cIt&#8217;s a framework or situation where we discuss the audiovisual, its forms, its texts; and the relationship between text and context, and how aesthetics becomes ethics and vice versa.\u201d (Cristian Villavicencio, March 2012 \u2013 June 2013)<\/p>\n<p>\u201cIt&#8217;s a medium that allows a varied group of people to get together by the light of the projector to give the term itself a meaning. Cine_ilegal is always circumstantial.\u201d (Leire San Mart\u00edn, July 2013 \u2013 December 2014)<\/p>\n<p>\u201cWe see Cine_ilegal sessions as a way of fostering another kind of production of knowledge and discourse among people who aren&#8217;t necessarily specialists.\u201d (Marion Cruza Le Bihan, February 2015 \u2013 September 2016)<\/p>\n<p>\u201cCine_ilegal is not curated or programmed. The coordinator receives and accompanies the proposals towards each session, before and during its progression.\u201d (Ainara Elgoibar, October 2016 \u2013 January 2018)<\/p><\/blockquote>\n<p><b><i>YUGOSLAVIA. HOW IDEOLOGY MOVED OUR COLLECTIVE BODY<\/i><\/b><b> (2013)<br \/>\n<\/b>In 2013 we once again invited Marta Popivoda to take part in <a href=\"https:\/\/bulegoa.org\/en\/staging-ideologies-of-the-social-seminar\/\"><i>Staging Ideologies of The Social<\/i><\/a> alongside Bojana Cveji, Asier Mendizabal and Vujanovi\u0107. During the seminar, we screened <i>Jugoslavija, kako je ideologija pokretala na\u0161e kolektivno telo. <\/i>Seven years later, as part of ZINEBI and our celebration of Bulegoa z\/b&#8217;s tenth anniversary, we have invited the filmmaker and researcher to screen her film\/essay once again. In her own words,<\/p>\n<blockquote><p>\u201cThis research-based essay \ufb01lm is a very personal perspective on the history of socialist Yugoslavia, its dramatic end, and its recent transformation into a few democratic nation states. Experience of the dissolution of the state, and today\u2019s \u201cwild\u201d capitalist reestablishment of the class system in Serbia are my reasons for going back through the media images and tracing the way a specific social system changed by performing itself in public space.\u201d<\/p><\/blockquote>\n<p><b>Marta Popivoda<\/b> (Berlin\/Belgrade) is a filmmaker, video artist, and researcher. Her work explores tensions between memory and history, collective and individual bodies, as well as ideology and everyday life, with a focus on antifascist and feminist potentialities of the Yugoslav socialist project. Her work is strongly related to the TkH (Walking Theory), a theoretical-artistic platform and journal, where she has been a member of the editorial collective since 2005. Her work has been part of exhibitions and programs at Tate Modern London, MoMA New York, M HKA Antwerp, 21er HAUS and Q21\/ MuseumsQuartier Vienna, HOME Manchester, McaM Shanghai, Beirut Art Center, Mus\u00e9e de la danse Rennes, Museum of Modern Art + MSUM Ljubljana, Arsenal \u2013 Institut f\u00fcr Film und Videokunst, HAU &#8211; Hebbel am Ufer, SAVVY Contemporary, NGBK Gallery, and District Berlin, Kampnagel Hamburg, Matadero and La Casa Encendida Madrid, Forum des Images, MK2 Beaubourg, \u00c9cole Nationale Sup\u00e9rieure des Beaux-Arts, Les Laboratoires d\u2019Aubervilliers, and Khiasma Gallery Paris, Beursschouwburg and Kaaitheater Brussels, Museum of Yugoslav History and Museum of Contemporary Art Belgrade, etc.<\/p>\n<blockquote><p><img loading=\"lazy\" class=\"alignnone wp-image-14096\" src=\"https:\/\/bulegoa.org\/web\/wp-content\/uploads\/2020\/11\/logoz62-424x600.png\" alt=\"\" width=\"149\" height=\"211\" srcset=\"https:\/\/bulegoa.org\/web\/wp-content\/uploads\/2020\/11\/logoz62-424x600.png 424w, https:\/\/bulegoa.org\/web\/wp-content\/uploads\/2020\/11\/logoz62-707x1000.png 707w, https:\/\/bulegoa.org\/web\/wp-content\/uploads\/2020\/11\/logoz62-768x1086.png 768w, https:\/\/bulegoa.org\/web\/wp-content\/uploads\/2020\/11\/logoz62-1086x1536.png 1086w, https:\/\/bulegoa.org\/web\/wp-content\/uploads\/2020\/11\/logoz62-1448x2048.png 1448w, https:\/\/bulegoa.org\/web\/wp-content\/uploads\/2020\/11\/logoz62-177x250.png 177w\" sizes=\"(max-width: 149px) 100vw, 149px\" \/><\/p><\/blockquote>\n","protected":false},"excerpt":{"rendered":"<p>Sunday 15 November 2020, 19:00: Yugoslavia. How Ideology Moved Our Collective Body (2013). Screening and conversation with Marta Popivoda at Bilbao Fine Arts Museum. We would like to commemorate the tenth anniversary of Bulegoa z\/b with a double programme dedicated to Illegal_Cinema, in collaboration with ZINEBI: a special session of Cine_ilegal, No. 89, at Bulegoa [&hellip;]<\/p>\n","protected":false},"author":6,"featured_media":14088,"comment_status":"closed","ping_status":"closed","sticky":false,"template":"","format":"standard","meta":[],"categories":[38],"tags":[],"acf":[],"yoast_head":"<!-- This site is optimized with the Yoast SEO plugin v20.4 - https:\/\/yoast.com\/wordpress\/plugins\/seo\/ -->\n<title>ILLEGAL_CINEMA, SESSION 89: 10TH ANNIVERSARY + DOUBLE PROGRAMME - Bulegoa<\/title>\n<meta name=\"description\" content=\"Ubicada en el barrio bilba\u00edno de Solokoetxe y centrada en la producci\u00f3n, la discusi\u00f3n, el intercambio de ideas y la materializaci\u00f3n de proyectos art\u00edsticos.\" \/>\n<meta name=\"robots\" content=\"index, follow, max-snippet:-1, max-image-preview:large, max-video-preview:-1\" \/>\n<link rel=\"canonical\" href=\"https:\/\/bulegoa.org\/en\/illegal_cinema-session-89-10th-anniversary-double-programme\/\" \/>\n<meta property=\"og:locale\" content=\"en_US\" \/>\n<meta property=\"og:type\" content=\"article\" \/>\n<meta property=\"og:title\" content=\"ILLEGAL_CINEMA, SESSION 89: 10TH ANNIVERSARY + DOUBLE PROGRAMME - Bulegoa\" \/>\n<meta property=\"og:description\" content=\"Ubicada en el barrio bilba\u00edno de Solokoetxe y centrada en la producci\u00f3n, la discusi\u00f3n, el intercambio de ideas y la materializaci\u00f3n de proyectos art\u00edsticos.\" \/>\n<meta property=\"og:url\" content=\"https:\/\/bulegoa.org\/en\/illegal_cinema-session-89-10th-anniversary-double-programme\/\" \/>\n<meta property=\"og:site_name\" content=\"Bulegoa\" \/>\n<meta property=\"article:publisher\" content=\"https:\/\/www.facebook.com\/bulegoazb\/\" \/>\n<meta property=\"article:published_time\" content=\"2020-11-03T14:30:54+00:00\" \/>\n<meta property=\"article:modified_time\" content=\"2021-06-23T21:34:41+00:00\" \/>\n<meta property=\"og:image\" content=\"https:\/\/bulegoa.org\/web\/wp-content\/uploads\/2020\/11\/Cine-ilegal_1.jpg\" \/>\n\t<meta property=\"og:image:width\" content=\"460\" \/>\n\t<meta property=\"og:image:height\" content=\"307\" \/>\n\t<meta property=\"og:image:type\" content=\"image\/jpeg\" \/>\n<meta name=\"author\" content=\"Silvia\" \/>\n<meta name=\"twitter:card\" content=\"summary_large_image\" \/>\n<meta name=\"twitter:creator\" content=\"@bulegoazb\" \/>\n<meta name=\"twitter:site\" content=\"@bulegoazb\" \/>\n<script type=\"application\/ld+json\" class=\"yoast-schema-graph\">{\"@context\":\"https:\/\/schema.org\",\"@graph\":[{\"@type\":\"WebPage\",\"@id\":\"https:\/\/bulegoa.org\/en\/illegal_cinema-session-89-10th-anniversary-double-programme\/\",\"url\":\"https:\/\/bulegoa.org\/en\/illegal_cinema-session-89-10th-anniversary-double-programme\/\",\"name\":\"ILLEGAL_CINEMA, SESSION 89: 10TH ANNIVERSARY + DOUBLE PROGRAMME - Bulegoa\",\"isPartOf\":{\"@id\":\"https:\/\/bulegoa.org\/#website\"},\"datePublished\":\"2020-11-03T14:30:54+00:00\",\"dateModified\":\"2021-06-23T21:34:41+00:00\",\"author\":{\"@id\":\"https:\/\/bulegoa.org\/#\/schema\/person\/6afba3a427c7cf7ffe10082098b2e674\"},\"description\":\"Ubicada en el barrio bilba\u00edno de Solokoetxe y centrada en la producci\u00f3n, la discusi\u00f3n, el intercambio de ideas y la materializaci\u00f3n de proyectos art\u00edsticos.\",\"breadcrumb\":{\"@id\":\"https:\/\/bulegoa.org\/en\/illegal_cinema-session-89-10th-anniversary-double-programme\/#breadcrumb\"},\"inLanguage\":\"en-US\",\"potentialAction\":[{\"@type\":\"ReadAction\",\"target\":[\"https:\/\/bulegoa.org\/en\/illegal_cinema-session-89-10th-anniversary-double-programme\/\"]}]},{\"@type\":\"BreadcrumbList\",\"@id\":\"https:\/\/bulegoa.org\/en\/illegal_cinema-session-89-10th-anniversary-double-programme\/#breadcrumb\",\"itemListElement\":[{\"@type\":\"ListItem\",\"position\":1,\"name\":\"Home\",\"item\":\"https:\/\/bulegoa.org\/en\/\"},{\"@type\":\"ListItem\",\"position\":2,\"name\":\"ILLEGAL_CINEMA, SESSION 89: 10TH ANNIVERSARY + DOUBLE PROGRAMME\"}]},{\"@type\":\"WebSite\",\"@id\":\"https:\/\/bulegoa.org\/#website\",\"url\":\"https:\/\/bulegoa.org\/\",\"name\":\"Bulegoa\",\"description\":\"\",\"potentialAction\":[{\"@type\":\"SearchAction\",\"target\":{\"@type\":\"EntryPoint\",\"urlTemplate\":\"https:\/\/bulegoa.org\/?s={search_term_string}\"},\"query-input\":\"required name=search_term_string\"}],\"inLanguage\":\"en-US\"},{\"@type\":\"Person\",\"@id\":\"https:\/\/bulegoa.org\/#\/schema\/person\/6afba3a427c7cf7ffe10082098b2e674\",\"name\":\"Silvia\"}]}<\/script>\n<!-- \/ Yoast SEO plugin. -->","yoast_head_json":{"title":"ILLEGAL_CINEMA, SESSION 89: 10TH ANNIVERSARY + DOUBLE PROGRAMME - Bulegoa","description":"Ubicada en el barrio bilba\u00edno de Solokoetxe y centrada en la producci\u00f3n, la discusi\u00f3n, el intercambio de ideas y la materializaci\u00f3n de proyectos art\u00edsticos.","robots":{"index":"index","follow":"follow","max-snippet":"max-snippet:-1","max-image-preview":"max-image-preview:large","max-video-preview":"max-video-preview:-1"},"canonical":"https:\/\/bulegoa.org\/en\/illegal_cinema-session-89-10th-anniversary-double-programme\/","og_locale":"en_US","og_type":"article","og_title":"ILLEGAL_CINEMA, SESSION 89: 10TH ANNIVERSARY + DOUBLE PROGRAMME - Bulegoa","og_description":"Ubicada en el barrio bilba\u00edno de Solokoetxe y centrada en la producci\u00f3n, la discusi\u00f3n, el intercambio de ideas y la materializaci\u00f3n de proyectos art\u00edsticos.","og_url":"https:\/\/bulegoa.org\/en\/illegal_cinema-session-89-10th-anniversary-double-programme\/","og_site_name":"Bulegoa","article_publisher":"https:\/\/www.facebook.com\/bulegoazb\/","article_published_time":"2020-11-03T14:30:54+00:00","article_modified_time":"2021-06-23T21:34:41+00:00","og_image":[{"width":460,"height":307,"url":"https:\/\/bulegoa.org\/web\/wp-content\/uploads\/2020\/11\/Cine-ilegal_1.jpg","type":"image\/jpeg"}],"author":"Silvia","twitter_card":"summary_large_image","twitter_creator":"@bulegoazb","twitter_site":"@bulegoazb","schema":{"@context":"https:\/\/schema.org","@graph":[{"@type":"WebPage","@id":"https:\/\/bulegoa.org\/en\/illegal_cinema-session-89-10th-anniversary-double-programme\/","url":"https:\/\/bulegoa.org\/en\/illegal_cinema-session-89-10th-anniversary-double-programme\/","name":"ILLEGAL_CINEMA, SESSION 89: 10TH ANNIVERSARY + DOUBLE PROGRAMME - Bulegoa","isPartOf":{"@id":"https:\/\/bulegoa.org\/#website"},"datePublished":"2020-11-03T14:30:54+00:00","dateModified":"2021-06-23T21:34:41+00:00","author":{"@id":"https:\/\/bulegoa.org\/#\/schema\/person\/6afba3a427c7cf7ffe10082098b2e674"},"description":"Ubicada en el barrio bilba\u00edno de Solokoetxe y centrada en la producci\u00f3n, la discusi\u00f3n, el intercambio de ideas y la materializaci\u00f3n de proyectos art\u00edsticos.","breadcrumb":{"@id":"https:\/\/bulegoa.org\/en\/illegal_cinema-session-89-10th-anniversary-double-programme\/#breadcrumb"},"inLanguage":"en-US","potentialAction":[{"@type":"ReadAction","target":["https:\/\/bulegoa.org\/en\/illegal_cinema-session-89-10th-anniversary-double-programme\/"]}]},{"@type":"BreadcrumbList","@id":"https:\/\/bulegoa.org\/en\/illegal_cinema-session-89-10th-anniversary-double-programme\/#breadcrumb","itemListElement":[{"@type":"ListItem","position":1,"name":"Home","item":"https:\/\/bulegoa.org\/en\/"},{"@type":"ListItem","position":2,"name":"ILLEGAL_CINEMA, SESSION 89: 10TH ANNIVERSARY + DOUBLE PROGRAMME"}]},{"@type":"WebSite","@id":"https:\/\/bulegoa.org\/#website","url":"https:\/\/bulegoa.org\/","name":"Bulegoa","description":"","potentialAction":[{"@type":"SearchAction","target":{"@type":"EntryPoint","urlTemplate":"https:\/\/bulegoa.org\/?s={search_term_string}"},"query-input":"required name=search_term_string"}],"inLanguage":"en-US"},{"@type":"Person","@id":"https:\/\/bulegoa.org\/#\/schema\/person\/6afba3a427c7cf7ffe10082098b2e674","name":"Silvia"}]}},"_links":{"self":[{"href":"https:\/\/bulegoa.org\/en\/wp-json\/wp\/v2\/posts\/14113"}],"collection":[{"href":"https:\/\/bulegoa.org\/en\/wp-json\/wp\/v2\/posts"}],"about":[{"href":"https:\/\/bulegoa.org\/en\/wp-json\/wp\/v2\/types\/post"}],"author":[{"embeddable":true,"href":"https:\/\/bulegoa.org\/en\/wp-json\/wp\/v2\/users\/6"}],"replies":[{"embeddable":true,"href":"https:\/\/bulegoa.org\/en\/wp-json\/wp\/v2\/comments?post=14113"}],"version-history":[{"count":6,"href":"https:\/\/bulegoa.org\/en\/wp-json\/wp\/v2\/posts\/14113\/revisions"}],"predecessor-version":[{"id":15799,"href":"https:\/\/bulegoa.org\/en\/wp-json\/wp\/v2\/posts\/14113\/revisions\/15799"}],"wp:featuredmedia":[{"embeddable":true,"href":"https:\/\/bulegoa.org\/en\/wp-json\/wp\/v2\/media\/14088"}],"wp:attachment":[{"href":"https:\/\/bulegoa.org\/en\/wp-json\/wp\/v2\/media?parent=14113"}],"wp:term":[{"taxonomy":"category","embeddable":true,"href":"https:\/\/bulegoa.org\/en\/wp-json\/wp\/v2\/categories?post=14113"},{"taxonomy":"post_tag","embeddable":true,"href":"https:\/\/bulegoa.org\/en\/wp-json\/wp\/v2\/tags?post=14113"}],"curies":[{"name":"wp","href":"https:\/\/api.w.org\/{rel}","templated":true}]}}